{"id":214587,"date":"2013-01-26T19:56:01","date_gmt":"2013-01-26T19:56:01","guid":{"rendered":"http:\/\/diariodominicano.ddns.net\/?p=214587"},"modified":"2013-01-26T19:56:01","modified_gmt":"2013-01-26T19:56:01","slug":"alexander-alcantara-gana-elecciones-en-asociacion-de-tenis-de-sc","status":"publish","type":"post","link":"https:\/\/diariodominicano.com\/?p=214587","title":{"rendered":"Alexander Alc\u00e1ntara gana elecciones en asociaci\u00f3n de tenis de SC"},"content":{"rendered":"<p><body><\/p>\n<p><span class=\"text1noticias\">Rep. Dom. 26 de Enero.-El licenciado Alexis Alc\u00e1ntara gan\u00f3 las elecciones de la Asociaci\u00f3n de Tenis de San crist\u00f3bal que se llev\u00f3 a cabo el pasado domingo en esta ciudad.<\/span><\/p>\n<\/p>\n<p><span class=\"text1noticias\">En las elecciones participaron dos planchas , la n\u00famero uno y la n\u00famero y el se\u00f1or Alc\u00e1ntara obtuvo trece (13) sufragios contra cuatro (4) de la otra plancha tambi\u00e9n encabezada por \u00e9l.<\/span><\/p>\n<\/p>\n<p><span class=\"text1noticias\">Hubo 27 electores ,seg\u00fan el padr\u00f3n de dicha asociaci\u00f3n.<\/span><\/p>\n<\/p>\n<p><span class=\"text1noticias\">Acompa\u00f1an al se\u00f1orAlexis Alc\u00e1ntara los se\u00f1ores Nelton Rodr\u00edguez, vice-presidente; Sila Faxas S\u00e1nchez,secretaria;Mario Guill\u00e9n, tesorero; Pavel Rodriguez, Wilkin B\u00e1ez y Angelica Beliard,vocales respectivamente y Modesto Ram\u00edrez, comisario de cuentas.<\/span><\/p>\n<\/p>\n<p><span class=\"text1noticias\">Las planchas n\u00famero I y II estaban conformada por los mismos integrantes a excepci\u00f3n de Elvis Payano y de Omar Garc\u00eda.<\/span><\/p>\n<\/p>\n<p><span class=\"text1noticias\">Las elecciones se llevaron a cabo en un ambiente familiar y de camarader\u00eda. Las elecciones fueron supervisadas por la Uni\u00f3n Deportiva que encabeza el licenciado Leonardo Reynoso.<\/span><\/p>\n<\/p>\n<p><span class=\"text1noticias\">Mientras que el Director Provincial de Deportes,licenciado Wilson Elizardo D\u00edaz, felicit\u00f3 a los miembros y directivos de la Asociaci\u00f3n de Tenis de esta provincia por el trabajo que vienen desarrollando en el fomento de esa disciplina deportiva y le exhort\u00f3 a los nuevos directivos a continuar ese trabajo a los fines de que esa disciplina se continu\u00fae consolidando.(HG)<\/span>.<\/p>\n<\/p>\n<h6> 2013-01-26 19:56:01 <\/h6>\n<p><!--\n<link rel=\"stylesheet\" href=\"css\/bootstrap.min.css\">\n\n\n<ul class=\"pagination\">\n\t    \n\t\n\n<li >\n\t<a href='?page_no=21696'>Previous<\/a>\n\t<\/li>\n\n\n       \n    \n\n<li><a href='?page_no=1'>1<\/a><\/li>\n\n\n\n<li><a href='?page_no=2'>2<\/a><\/li>\n\n\n\n<li><a>...<\/a><\/li>\n\n\n\n<li><a href='?page_no=21695'>21695<\/a><\/li>\n\n\n\n<li><a href='?page_no=21696'>21696<\/a><\/li>\n\n\n\n<li class='active'><a>21697<\/a><\/li>\n\n\n\n<li><a href='?page_no=21698'>21698<\/a><\/li>\n\n\n\n<li><a href='?page_no=21699'>21699<\/a><\/li>\n\n\n\n<li><a>...<\/a><\/li>\n\n\n\n<li><a href='?page_no=36618'>36618<\/a><\/li>\n\n\n\n<li><a href='?page_no=36619'>36619<\/a><\/li>\n\n    \n\t\n\n<li >\n\t<a href='?page_no=21698'>Next<\/a>\n\t<\/li>\n\n\n    \n\n<li><a href='?page_no=36619'>Last &rsaquo;&rsaquo;<\/a><\/li>\n\n<\/ul>\n\n\n--><br \/>\n<\/body><\/p>\n","protected":false},"excerpt":{"rendered":"<p>Rep. Dom. 26 de Enero.-El licenciado Alexis Alc\u00e1ntara gan\u00f3 las elecciones de la Asociaci\u00f3n de Tenis de San crist\u00f3bal que se llev\u00f3 a cabo el pasado domingo en esta ciudad. En las elecciones participaron dos planchas , la n\u00famero uno y la n\u00famero y el se\u00f1or Alc\u00e1ntara obtuvo trece (13) sufragios contra cuatro (4) de [&hellip;]<\/p>\n","protected":false},"author":3,"featured_media":0,"comment_status":"open","ping_status":"open","sticky":false,"template":"","format":"standard","meta":{"footnotes":""},"categories":[17],"tags":[],"class_list":["post-214587","post","type-post","status-publish","format-standard","hentry","category-deportes"],"_links":{"self":[{"href":"https:\/\/diariodominicano.com\/index.php?rest_route=\/wp\/v2\/posts\/214587","targetHints":{"allow":["GET"]}}],"collection":[{"href":"https:\/\/diariodominicano.com\/index.php?rest_route=\/wp\/v2\/posts"}],"about":[{"href":"https:\/\/diariodominicano.com\/index.php?rest_route=\/wp\/v2\/types\/post"}],"author":[{"embeddable":true,"href":"https:\/\/diariodominicano.com\/index.php?rest_route=\/wp\/v2\/users\/3"}],"replies":[{"embeddable":true,"href":"https:\/\/diariodominicano.com\/index.php?rest_route=%2Fwp%2Fv2%2Fcomments&post=214587"}],"version-history":[{"count":0,"href":"https:\/\/diariodominicano.com\/index.php?rest_route=\/wp\/v2\/posts\/214587\/revisions"}],"wp:attachment":[{"href":"https:\/\/diariodominicano.com\/index.php?rest_route=%2Fwp%2Fv2%2Fmedia&parent=214587"}],"wp:term":[{"taxonomy":"category","embeddable":true,"href":"https:\/\/diariodominicano.com\/index.php?rest_route=%2Fwp%2Fv2%2Fcategories&post=214587"},{"taxonomy":"post_tag","embeddable":true,"href":"https:\/\/diariodominicano.com\/index.php?rest_route=%2Fwp%2Fv2%2Ftags&post=214587"}],"curies":[{"name":"wp","href":"https:\/\/api.w.org\/{rel}","templated":true}]}}