{"id":214585,"date":"2013-01-27T18:08:20","date_gmt":"2013-01-27T18:08:20","guid":{"rendered":"http:\/\/diariodominicano.ddns.net\/?p=214585"},"modified":"2013-01-27T18:08:20","modified_gmt":"2013-01-27T18:08:20","slug":"uruguay-definio-equipo-con-la-baja-de-su-mejor-tenista-pablo-cuevas-recibira-el-proximo-fin-de-semana-al-de-rd","status":"publish","type":"post","link":"https:\/\/diariodominicano.com\/?p=214585","title":{"rendered":"Uruguay defini\u00f3 equipo con la baja de su mejor tenista Pablo Cuevas; recibir\u00e1 el pr\u00f3ximo fin de semana al de RD"},"content":{"rendered":"<p><body><\/p>\n<p>Montevideo, Uruguay  27 enero .- El capit\u00e1n de Copa Davis de Uruguay, Enrique P\u00e9rez Cassarino, dio a conocer el equipo que recibir\u00e1 el pr\u00f3ximo fin de semana al de Rep\u00fablica Dominicana, en el que no estar\u00e1 el mejor tenista del pa\u00eds, Pablo Cuevas, que se recupera de una lesi\u00f3n de rodilla. <\/p>\n<\/p>\n<p>Cuevas volvi\u00f3 a jugar a comienzos de enero un partido de exhibici\u00f3n frente al extenista argentino Gast\u00f3n Gaudio, pero lleva mas de un a\u00f1o y medio alejado del circuito internacional por una lesi\u00f3n de rodilla de la que ha sido operado en dos ocasiones.<\/p>\n<\/p>\n<p>P\u00e9rez Cassarino confirm\u00f3 que el equipo celeste lo formar\u00e1n Marcel Felder, Mart\u00edn Cuevas, hermano de Pablo, Rodrigo Senattore y Ariel Behar.<\/p>\n<\/p>\n<p>La eliminatoria frente a la Rep\u00fablica Dominicana, correspondiente al Grupo 1 de la Zona Americana, se disputar\u00e1 entre el 1 y el 3 de febrero sobre canchas de polvo de arcilla en el Carrasco Lawn Tenis de Montevideo.<\/p>\n<\/p>\n<\/p>\n<h6> 2013-01-27 18:08:20 <\/h6>\n<p><!--\n<link rel=\"stylesheet\" href=\"css\/bootstrap.min.css\">\n\n\n<ul class=\"pagination\">\n\t    \n\t\n\n<li >\n\t<a href='?page_no=21694'>Previous<\/a>\n\t<\/li>\n\n\n       \n    \n\n<li><a href='?page_no=1'>1<\/a><\/li>\n\n\n\n<li><a href='?page_no=2'>2<\/a><\/li>\n\n\n\n<li><a>...<\/a><\/li>\n\n\n\n<li><a href='?page_no=21693'>21693<\/a><\/li>\n\n\n\n<li><a href='?page_no=21694'>21694<\/a><\/li>\n\n\n\n<li class='active'><a>21695<\/a><\/li>\n\n\n\n<li><a href='?page_no=21696'>21696<\/a><\/li>\n\n\n\n<li><a href='?page_no=21697'>21697<\/a><\/li>\n\n\n\n<li><a>...<\/a><\/li>\n\n\n\n<li><a href='?page_no=36618'>36618<\/a><\/li>\n\n\n\n<li><a href='?page_no=36619'>36619<\/a><\/li>\n\n    \n\t\n\n<li >\n\t<a href='?page_no=21696'>Next<\/a>\n\t<\/li>\n\n\n    \n\n<li><a href='?page_no=36619'>Last &rsaquo;&rsaquo;<\/a><\/li>\n\n<\/ul>\n\n\n--><br \/>\n<\/body><\/p>\n","protected":false},"excerpt":{"rendered":"<p>Montevideo, Uruguay 27 enero .- El capit\u00e1n de Copa Davis de Uruguay, Enrique P\u00e9rez Cassarino, dio a conocer el equipo que recibir\u00e1 el pr\u00f3ximo fin de semana al de Rep\u00fablica Dominicana, en el que no estar\u00e1 el mejor tenista del pa\u00eds, Pablo Cuevas, que se recupera de una lesi\u00f3n de rodilla. Cuevas volvi\u00f3 a jugar [&hellip;]<\/p>\n","protected":false},"author":3,"featured_media":0,"comment_status":"open","ping_status":"open","sticky":false,"template":"","format":"standard","meta":{"footnotes":""},"categories":[17],"tags":[],"class_list":["post-214585","post","type-post","status-publish","format-standard","hentry","category-deportes"],"_links":{"self":[{"href":"https:\/\/diariodominicano.com\/index.php?rest_route=\/wp\/v2\/posts\/214585","targetHints":{"allow":["GET"]}}],"collection":[{"href":"https:\/\/diariodominicano.com\/index.php?rest_route=\/wp\/v2\/posts"}],"about":[{"href":"https:\/\/diariodominicano.com\/index.php?rest_route=\/wp\/v2\/types\/post"}],"author":[{"embeddable":true,"href":"https:\/\/diariodominicano.com\/index.php?rest_route=\/wp\/v2\/users\/3"}],"replies":[{"embeddable":true,"href":"https:\/\/diariodominicano.com\/index.php?rest_route=%2Fwp%2Fv2%2Fcomments&post=214585"}],"version-history":[{"count":0,"href":"https:\/\/diariodominicano.com\/index.php?rest_route=\/wp\/v2\/posts\/214585\/revisions"}],"wp:attachment":[{"href":"https:\/\/diariodominicano.com\/index.php?rest_route=%2Fwp%2Fv2%2Fmedia&parent=214585"}],"wp:term":[{"taxonomy":"category","embeddable":true,"href":"https:\/\/diariodominicano.com\/index.php?rest_route=%2Fwp%2Fv2%2Fcategories&post=214585"},{"taxonomy":"post_tag","embeddable":true,"href":"https:\/\/diariodominicano.com\/index.php?rest_route=%2Fwp%2Fv2%2Ftags&post=214585"}],"curies":[{"name":"wp","href":"https:\/\/api.w.org\/{rel}","templated":true}]}}