{"id":214580,"date":"2013-01-28T15:02:53","date_gmt":"2013-01-28T15:02:53","guid":{"rendered":"http:\/\/diariodominicano.ddns.net\/?p=214580"},"modified":"2013-01-28T15:02:53","modified_gmt":"2013-01-28T15:02:53","slug":"el-escogido-define-roster-hara-entrenamiento-hoy-en-el-estadio-quisqueya","status":"publish","type":"post","link":"https:\/\/diariodominicano.com\/?p=214580","title":{"rendered":"El Escogido define roster; har\u00e1 entrenamiento hoy en el estadio Quisqueya"},"content":{"rendered":"<p><body><\/p>\n<p>Santo Domingo RD 28 enero.- Los Leones del Escogido realizar\u00e1n una sesi\u00f3n de pr\u00e1cticas este lunes como parte de la preparaci\u00f3n para la Serie del Caribe que iniciar\u00e1 el pr\u00f3ximo viernes, 01 de febrero, en Hermosillo, M\u00e9xico.<\/p>\n<\/p>\n<p>El entrenamiento de los campeones nacionales y del Caribe iniciar\u00e1 a partir de las 11:00 de la ma\u00f1ana en el estadio Quisqueya.<\/p>\n<\/p>\n<p>El dirigente Audo Vicente dijo que el roster de 28 jugadores est\u00e1 casi listo y ser\u00e1 dado a conocer en su totalidad en las pr\u00f3ximas horas. \u00abSolo es cuesti\u00f3n de confirmar algunos nombres, pero el grueso de jugadores est\u00e1 listo para realizar el viaje\u00bb, explic\u00f3.<\/p>\n<\/p>\n<p>Hasta ahora est\u00e1n confirmados los lanzadores \u00c1ngel Castro, Edward Valdez, TJ Pe\u00f1a, Nelson Figueroa, Nelson Payano, Johnny N\u00fa\u00f1ez, Fernando Rodney, Armando Rodr\u00edguez, Ram\u00f3n Garc\u00eda, Lorenzo Barcel\u00f3, Dustin Richardson y Francisco Cordero.<\/p>\n<\/p>\n<p>Tambi\u00e9n los jardineros Ricardo Nanita, Jordany Valdesp\u00edn y Jos\u00e9 Constanza; junto a los infielders Jos\u00e9 Ram\u00edrez, Miguel Tejada, Hanley Ram\u00edrez, Luis Jim\u00e9nez, Fernando Tatis y Julio Lugo. Francisco Pe\u00f1a y Alberto Rosario ser\u00e1n los receptores por los campeones nacionales y del Caribe, quienes buscar\u00e1n revalidar la corona lograda en el pa\u00eds, el pasado a\u00f1o.<\/p>\n<\/p>\n<p> \u00abTerminamos de jugar recientemente y los jugadores est\u00e1n en buena forma. Los que salieron en el Round Robin han seguido trabajando. Ma\u00f1ana (lunes) los lanzadores har\u00e1n su bullpen y el viernes estar\u00e1n todos listos\u00bb, expuso Vicente.<\/p>\n<\/p>\n<p>Vicente inform\u00f3 que el receptor Wilkin Castillo no estar\u00e1 con los Leones en el torneo de campeones de la Confederaci\u00f3n de B\u00e9isbol del Caribe.<\/p>\n<h6> 2013-01-28 15:02:53 <\/h6>\n<p><!--\n<link rel=\"stylesheet\" href=\"css\/bootstrap.min.css\">\n\n\n<ul class=\"pagination\">\n\t    \n\t\n\n<li >\n\t<a href='?page_no=21689'>Previous<\/a>\n\t<\/li>\n\n\n       \n    \n\n<li><a href='?page_no=1'>1<\/a><\/li>\n\n\n\n<li><a href='?page_no=2'>2<\/a><\/li>\n\n\n\n<li><a>...<\/a><\/li>\n\n\n\n<li><a href='?page_no=21688'>21688<\/a><\/li>\n\n\n\n<li><a href='?page_no=21689'>21689<\/a><\/li>\n\n\n\n<li class='active'><a>21690<\/a><\/li>\n\n\n\n<li><a href='?page_no=21691'>21691<\/a><\/li>\n\n\n\n<li><a href='?page_no=21692'>21692<\/a><\/li>\n\n\n\n<li><a>...<\/a><\/li>\n\n\n\n<li><a href='?page_no=36618'>36618<\/a><\/li>\n\n\n\n<li><a href='?page_no=36619'>36619<\/a><\/li>\n\n    \n\t\n\n<li >\n\t<a href='?page_no=21691'>Next<\/a>\n\t<\/li>\n\n\n    \n\n<li><a href='?page_no=36619'>Last &rsaquo;&rsaquo;<\/a><\/li>\n\n<\/ul>\n\n\n--><br \/>\n<\/body><\/p>\n","protected":false},"excerpt":{"rendered":"<p>Santo Domingo RD 28 enero.- Los Leones del Escogido realizar\u00e1n una sesi\u00f3n de pr\u00e1cticas este lunes como parte de la preparaci\u00f3n para la Serie del Caribe que iniciar\u00e1 el pr\u00f3ximo viernes, 01 de febrero, en Hermosillo, M\u00e9xico. El entrenamiento de los campeones nacionales y del Caribe iniciar\u00e1 a partir de las 11:00 de la ma\u00f1ana [&hellip;]<\/p>\n","protected":false},"author":3,"featured_media":0,"comment_status":"open","ping_status":"open","sticky":false,"template":"","format":"standard","meta":{"footnotes":""},"categories":[17],"tags":[],"class_list":["post-214580","post","type-post","status-publish","format-standard","hentry","category-deportes"],"_links":{"self":[{"href":"https:\/\/diariodominicano.com\/index.php?rest_route=\/wp\/v2\/posts\/214580","targetHints":{"allow":["GET"]}}],"collection":[{"href":"https:\/\/diariodominicano.com\/index.php?rest_route=\/wp\/v2\/posts"}],"about":[{"href":"https:\/\/diariodominicano.com\/index.php?rest_route=\/wp\/v2\/types\/post"}],"author":[{"embeddable":true,"href":"https:\/\/diariodominicano.com\/index.php?rest_route=\/wp\/v2\/users\/3"}],"replies":[{"embeddable":true,"href":"https:\/\/diariodominicano.com\/index.php?rest_route=%2Fwp%2Fv2%2Fcomments&post=214580"}],"version-history":[{"count":0,"href":"https:\/\/diariodominicano.com\/index.php?rest_route=\/wp\/v2\/posts\/214580\/revisions"}],"wp:attachment":[{"href":"https:\/\/diariodominicano.com\/index.php?rest_route=%2Fwp%2Fv2%2Fmedia&parent=214580"}],"wp:term":[{"taxonomy":"category","embeddable":true,"href":"https:\/\/diariodominicano.com\/index.php?rest_route=%2Fwp%2Fv2%2Fcategories&post=214580"},{"taxonomy":"post_tag","embeddable":true,"href":"https:\/\/diariodominicano.com\/index.php?rest_route=%2Fwp%2Fv2%2Ftags&post=214580"}],"curies":[{"name":"wp","href":"https:\/\/api.w.org\/{rel}","templated":true}]}}