{"id":214579,"date":"2013-01-28T15:10:02","date_gmt":"2013-01-28T15:10:02","guid":{"rendered":"http:\/\/diariodominicano.ddns.net\/?p=214579"},"modified":"2013-01-28T15:10:02","modified_gmt":"2013-01-28T15:10:02","slug":"felix-sanchez-gana-en-primera-carrera-del-ano-cronometro-51-62-bajo-techo","status":"publish","type":"post","link":"https:\/\/diariodominicano.com\/?p=214579","title":{"rendered":"F\u00e9lix S\u00e1nchez gana en primera carrera del a\u00f1o; cronometr\u00f3 51.62 bajo techo"},"content":{"rendered":"<p><body><\/p>\n<p>Bordeaux, Francia 28 enero.- El bicampe\u00f3n ol\u00edmpico de los 400 metros con vallas, F\u00e9lix S\u00e1nchez inici\u00f3 su temporada de competencia de 2013 de la misma forma que termin\u00f3 el pasado a\u00f1o: alz\u00e1ndose con los m\u00e1ximos honores.<\/p>\n<\/p>\n<p>El dominicano cronometr\u00f3 51.62 en esa modalidad para ganar la carrera celebrada bajo techo en Bordeaux, Francia, donde tuvo lugar un mitin internacional. En segundo lugar lleg\u00f3 Mikita Yakauleu, de Bielorrusia, con un tiempo de 51.68.<\/p>\n<\/p>\n<p>\u00abLa primera carrera de la temporada. Una gran victoria para estar de vuelta\u00bb, escribi\u00f3 S\u00e1nchez en su cuenta de twitter.<\/p>\n<\/p>\n<p>S\u00e1nchez es el \u00fanico criollo en conseguir dos medallas de oro en unos Juegos Ol\u00edmpicos, despu\u00e9s de llegar primero en los 400 metros con vallas con un tiempo de 47,63 en las olimpiadas de Londres en agosto del a\u00f1o pasado.<\/p>\n<h6> 2013-01-28 15:10:02 <\/h6>\n<p><!--\n<link rel=\"stylesheet\" href=\"css\/bootstrap.min.css\">\n\n\n<ul class=\"pagination\">\n\t    \n\t\n\n<li >\n\t<a href='?page_no=21688'>Previous<\/a>\n\t<\/li>\n\n\n       \n    \n\n<li><a href='?page_no=1'>1<\/a><\/li>\n\n\n\n<li><a href='?page_no=2'>2<\/a><\/li>\n\n\n\n<li><a>...<\/a><\/li>\n\n\n\n<li><a href='?page_no=21687'>21687<\/a><\/li>\n\n\n\n<li><a href='?page_no=21688'>21688<\/a><\/li>\n\n\n\n<li class='active'><a>21689<\/a><\/li>\n\n\n\n<li><a href='?page_no=21690'>21690<\/a><\/li>\n\n\n\n<li><a href='?page_no=21691'>21691<\/a><\/li>\n\n\n\n<li><a>...<\/a><\/li>\n\n\n\n<li><a href='?page_no=36618'>36618<\/a><\/li>\n\n\n\n<li><a href='?page_no=36619'>36619<\/a><\/li>\n\n    \n\t\n\n<li >\n\t<a href='?page_no=21690'>Next<\/a>\n\t<\/li>\n\n\n    \n\n<li><a href='?page_no=36619'>Last &rsaquo;&rsaquo;<\/a><\/li>\n\n<\/ul>\n\n\n--><br \/>\n<\/body><\/p>\n","protected":false},"excerpt":{"rendered":"<p>Bordeaux, Francia 28 enero.- El bicampe\u00f3n ol\u00edmpico de los 400 metros con vallas, F\u00e9lix S\u00e1nchez inici\u00f3 su temporada de competencia de 2013 de la misma forma que termin\u00f3 el pasado a\u00f1o: alz\u00e1ndose con los m\u00e1ximos honores. El dominicano cronometr\u00f3 51.62 en esa modalidad para ganar la carrera celebrada bajo techo en Bordeaux, Francia, donde tuvo [&hellip;]<\/p>\n","protected":false},"author":3,"featured_media":0,"comment_status":"open","ping_status":"open","sticky":false,"template":"","format":"standard","meta":{"footnotes":""},"categories":[17],"tags":[],"class_list":["post-214579","post","type-post","status-publish","format-standard","hentry","category-deportes"],"_links":{"self":[{"href":"https:\/\/diariodominicano.com\/index.php?rest_route=\/wp\/v2\/posts\/214579","targetHints":{"allow":["GET"]}}],"collection":[{"href":"https:\/\/diariodominicano.com\/index.php?rest_route=\/wp\/v2\/posts"}],"about":[{"href":"https:\/\/diariodominicano.com\/index.php?rest_route=\/wp\/v2\/types\/post"}],"author":[{"embeddable":true,"href":"https:\/\/diariodominicano.com\/index.php?rest_route=\/wp\/v2\/users\/3"}],"replies":[{"embeddable":true,"href":"https:\/\/diariodominicano.com\/index.php?rest_route=%2Fwp%2Fv2%2Fcomments&post=214579"}],"version-history":[{"count":0,"href":"https:\/\/diariodominicano.com\/index.php?rest_route=\/wp\/v2\/posts\/214579\/revisions"}],"wp:attachment":[{"href":"https:\/\/diariodominicano.com\/index.php?rest_route=%2Fwp%2Fv2%2Fmedia&parent=214579"}],"wp:term":[{"taxonomy":"category","embeddable":true,"href":"https:\/\/diariodominicano.com\/index.php?rest_route=%2Fwp%2Fv2%2Fcategories&post=214579"},{"taxonomy":"post_tag","embeddable":true,"href":"https:\/\/diariodominicano.com\/index.php?rest_route=%2Fwp%2Fv2%2Ftags&post=214579"}],"curies":[{"name":"wp","href":"https:\/\/api.w.org\/{rel}","templated":true}]}}