{"id":214577,"date":"2013-01-28T18:55:33","date_gmt":"2013-01-28T18:55:33","guid":{"rendered":"http:\/\/diariodominicano.ddns.net\/?p=214577"},"modified":"2013-01-28T18:55:33","modified_gmt":"2013-01-28T18:55:33","slug":"asociacion-de-ajedrez-de-barahona-realiza-torneo-bicentenario-de-duarte","status":"publish","type":"post","link":"https:\/\/diariodominicano.com\/?p=214577","title":{"rendered":"Asociaci\u00f3n de Ajedrez de Barahona realiza torneo \u00abBicentenario de Duarte\u00bb"},"content":{"rendered":"<p><body><\/p>\n<p><span class=\"text1noticias\">Rep. Dom. 28 de Enero.-La Asociaci\u00f3n de Ajedrez de Barahona inaugur\u00f3 el Torneo Juvenil de Ajedrez \u00abBicentenario Juan Pablo Duarte\u00bb, donde el licenciado V\u00edctor Mateo V\u00e1squez realiz\u00f3 el saque de honor.<\/span><\/p>\n<\/p>\n<p><span class=\"text1noticias\">    La actividad concluye este lunes 28, y se esta desarrollando en el Gazebo del Ajedrez del Parque Infantil y en el local de la Defensa Civil en esta ciudad.<\/span><\/p>\n<\/p>\n<p><span class=\"text1noticias\">    El doctor Octavio F\u00e9liz Vidal, director t\u00e9cnico de la justa deportiva, agradeci\u00f3 a Mateo V\u00e1squez, por dejar iniciado el torneo de ajedrez, con motivo de los dos siglos del natalicio de la patria  Duarte.<\/span><\/p>\n<p><span class=\"text1noticias\"> <\/span><\/p>\n<p><span class=\"text1noticias\">Mateo V\u00e1squez y F\u00e9liz Vidal, coincidieron por separado, que hoy, m\u00e1s que nunca, se necesita que los j\u00f3venes  contin\u00faen estudiando y predicando  el ejemplo que nos lego Duarte.<\/span><\/p>\n<p><span class=\"text1noticias\"> <\/span><\/p>\n<p><span class=\"text1noticias\">Asimismo, el presidente de la Asociaci\u00f3n de Ajedrez de Barahona,  Modesto Pe\u00f1a Cuello, elogi\u00f3 la calidad ajedrec\u00edstica de los participantes provenientes de los clubes Blanquizales, Enriquillo, Mar\u00eda  Auxiliadora, Clamope, Villa Central, Savica y Palma rito.<\/span><\/p>\n<p><span class=\"text1noticias\"> <\/span><\/p>\n<p><span class=\"text1noticias\">Pe\u00f1a Cuello, indico, que el torneo de ajedrez, se lleva a cabo gracias al Consorcio Azucarero Central,  Noel Octavio Suberv\u00ed Nin, alcalde Municipal y  Mateo V\u00e1squez.(HG)<\/span>.<\/p>\n<h6> 2013-01-28 18:55:33 <\/h6>\n<p><!--\n<link rel=\"stylesheet\" href=\"css\/bootstrap.min.css\">\n\n\n<ul class=\"pagination\">\n\t    \n\t\n\n<li >\n\t<a href='?page_no=21686'>Previous<\/a>\n\t<\/li>\n\n\n       \n    \n\n<li><a href='?page_no=1'>1<\/a><\/li>\n\n\n\n<li><a href='?page_no=2'>2<\/a><\/li>\n\n\n\n<li><a>...<\/a><\/li>\n\n\n\n<li><a href='?page_no=21685'>21685<\/a><\/li>\n\n\n\n<li><a href='?page_no=21686'>21686<\/a><\/li>\n\n\n\n<li class='active'><a>21687<\/a><\/li>\n\n\n\n<li><a href='?page_no=21688'>21688<\/a><\/li>\n\n\n\n<li><a href='?page_no=21689'>21689<\/a><\/li>\n\n\n\n<li><a>...<\/a><\/li>\n\n\n\n<li><a href='?page_no=36618'>36618<\/a><\/li>\n\n\n\n<li><a href='?page_no=36619'>36619<\/a><\/li>\n\n    \n\t\n\n<li >\n\t<a href='?page_no=21688'>Next<\/a>\n\t<\/li>\n\n\n    \n\n<li><a href='?page_no=36619'>Last &rsaquo;&rsaquo;<\/a><\/li>\n\n<\/ul>\n\n\n--><br \/>\n<\/body><\/p>\n","protected":false},"excerpt":{"rendered":"<p>Rep. Dom. 28 de Enero.-La Asociaci\u00f3n de Ajedrez de Barahona inaugur\u00f3 el Torneo Juvenil de Ajedrez \u00abBicentenario Juan Pablo Duarte\u00bb, donde el licenciado V\u00edctor Mateo V\u00e1squez realiz\u00f3 el saque de honor. La actividad concluye este lunes 28, y se esta desarrollando en el Gazebo del Ajedrez del Parque Infantil y en el local de la [&hellip;]<\/p>\n","protected":false},"author":3,"featured_media":0,"comment_status":"open","ping_status":"open","sticky":false,"template":"","format":"standard","meta":{"footnotes":""},"categories":[17],"tags":[],"class_list":["post-214577","post","type-post","status-publish","format-standard","hentry","category-deportes"],"_links":{"self":[{"href":"https:\/\/diariodominicano.com\/index.php?rest_route=\/wp\/v2\/posts\/214577","targetHints":{"allow":["GET"]}}],"collection":[{"href":"https:\/\/diariodominicano.com\/index.php?rest_route=\/wp\/v2\/posts"}],"about":[{"href":"https:\/\/diariodominicano.com\/index.php?rest_route=\/wp\/v2\/types\/post"}],"author":[{"embeddable":true,"href":"https:\/\/diariodominicano.com\/index.php?rest_route=\/wp\/v2\/users\/3"}],"replies":[{"embeddable":true,"href":"https:\/\/diariodominicano.com\/index.php?rest_route=%2Fwp%2Fv2%2Fcomments&post=214577"}],"version-history":[{"count":0,"href":"https:\/\/diariodominicano.com\/index.php?rest_route=\/wp\/v2\/posts\/214577\/revisions"}],"wp:attachment":[{"href":"https:\/\/diariodominicano.com\/index.php?rest_route=%2Fwp%2Fv2%2Fmedia&parent=214577"}],"wp:term":[{"taxonomy":"category","embeddable":true,"href":"https:\/\/diariodominicano.com\/index.php?rest_route=%2Fwp%2Fv2%2Fcategories&post=214577"},{"taxonomy":"post_tag","embeddable":true,"href":"https:\/\/diariodominicano.com\/index.php?rest_route=%2Fwp%2Fv2%2Ftags&post=214577"}],"curies":[{"name":"wp","href":"https:\/\/api.w.org\/{rel}","templated":true}]}}