{"id":214569,"date":"2013-01-29T13:14:56","date_gmt":"2013-01-29T13:14:56","guid":{"rendered":"http:\/\/diariodominicano.ddns.net\/?p=214569"},"modified":"2013-01-29T13:14:56","modified_gmt":"2013-01-29T13:14:56","slug":"jugadores-aguilas-se-integran-a-grupo-de-leones","status":"publish","type":"post","link":"https:\/\/diariodominicano.com\/?p=214569","title":{"rendered":"Jugadores Aguilas se integran a grupo de Leones"},"content":{"rendered":"<p><body><\/p>\n<p>Santo Domingo RD 29 enero.- Francisco Pe\u00f1a entr\u00f3 a las once en punto en compa\u00f1\u00eda de su hermano TJ al camerino de los Leones del Escogido y tras el saludo de rigor coloc\u00f3 su pesado bolso en el mismo casillero que utiliz\u00f3 en el 2012 cuando reforz\u00f3 por primera vez a los Leones del Escogido para la Serie del Caribe, que tuvo como escenario el estadio Quisqueya.<\/p>\n<\/p>\n<p>\u00abAs\u00ed fue que se nos dio el a\u00f1o pasado\u00bb, dijo el joven receptor, cabaloso al fin como el com\u00fan de los dominicanos. <\/p>\n<\/p>\n<p>El locker est\u00e1 justo al lado del ocupado por  Edward Valdez, un domador de \u00c1guilas al que conoci\u00f3 tras tenerlo brevemente como compa\u00f1ero en su primera temporada con ese club antes de que \u00e9ste fuera canjeado al Escogido el 24 de noviembre del 2007 junto a Wily Mo Pe\u00f1a por Rafael Furcal y Jos\u00e9 Luis Garc\u00eda.<\/p>\n<\/p>\n<p>A pocos metros un gran p\u00f3ster donde el gerente general Mois\u00e9s Alou y Mauro G\u00f3mez, ambos con la gorra para atr\u00e1s como los catchers, y el lanzador Aneury Rodr\u00edguez posan sonrientes tras conquistar el t\u00edtulo de campe\u00f3n en un decisivo noveno juego justamente contra las \u00c1guilas, sus v\u00edctimas de este a\u00f1o tambi\u00e9n en la final.<\/p>\n<\/p>\n<p>\u00abNosotros somos panas. Ahora todos estamos enfocados en ganar la Serie del Caribe\u00bb, manifest\u00f3 Valdez, un clavito en el zapato del aguerrido conjunto mamey.<\/p>\n<\/p>\n<p>Minutos despu\u00e9s TJ Pe\u00f1a charlaba en el dogout con el inicialista Mauro G\u00f3mez, a quien, con sus lanzamientos rompientes, ha dominado con suma facilidad. <\/p>\n<\/p>\n<p>\u00abEse es mi hijo\u00bb, dec\u00eda el hijo mayor de Tony Pe\u00f1a delante de un grupo de periodistas sobre el poderoso inicialista, quien desisti\u00f3 de ir a la Serie del Caribe porque est\u00e1 muy agotado.<\/p>\n<\/p>\n<p>\u00abNunca me ha tirado una recta. El d\u00eda que le d\u00e9 un jonr\u00f3n me voy a quedar parado en el home, me voy a quitar las guantillas&#8230; T\u00fa ver\u00e1s\u00bb, le respondi\u00f3 G\u00f3mez sobre el \u00abperreo\u00bb que le piensa hacer. Todo era camarader\u00eda. Atr\u00e1s ha quedado la creciente rivalidad de ambos conjuntos y tambi\u00e9n la tensi\u00f3n que sus juegos provocan. <\/p>\n<\/p>\n<p>\u00abEn octubre la seguimos\u00bb, manifest\u00f3 con una leve sonrisa \u00c1ngel Castro en momentos en que se alistaba para salir al terreno.<\/p>\n<\/p>\n<p>\u00abAhora de lo que se trata es de defender esa bandera\u00bb, declar\u00f3 Miguel Tejada, mientras aguardaba por su turno. \u00abNunca me fijo con cu\u00e1l equipo es. Lo importante es representar a mi pa\u00eds\u00bb, manifest\u00f3, a su vez. <\/p>\n<h6> 2013-01-29 13:14:56 <\/h6>\n<p><!--\n<link rel=\"stylesheet\" href=\"css\/bootstrap.min.css\">\n\n\n<ul class=\"pagination\">\n\t    \n\t\n\n<li >\n\t<a href='?page_no=21678'>Previous<\/a>\n\t<\/li>\n\n\n       \n    \n\n<li><a href='?page_no=1'>1<\/a><\/li>\n\n\n\n<li><a href='?page_no=2'>2<\/a><\/li>\n\n\n\n<li><a>...<\/a><\/li>\n\n\n\n<li><a href='?page_no=21677'>21677<\/a><\/li>\n\n\n\n<li><a href='?page_no=21678'>21678<\/a><\/li>\n\n\n\n<li class='active'><a>21679<\/a><\/li>\n\n\n\n<li><a href='?page_no=21680'>21680<\/a><\/li>\n\n\n\n<li><a href='?page_no=21681'>21681<\/a><\/li>\n\n\n\n<li><a>...<\/a><\/li>\n\n\n\n<li><a href='?page_no=36618'>36618<\/a><\/li>\n\n\n\n<li><a href='?page_no=36619'>36619<\/a><\/li>\n\n    \n\t\n\n<li >\n\t<a href='?page_no=21680'>Next<\/a>\n\t<\/li>\n\n\n    \n\n<li><a href='?page_no=36619'>Last &rsaquo;&rsaquo;<\/a><\/li>\n\n<\/ul>\n\n\n--><br \/>\n<\/body><\/p>\n","protected":false},"excerpt":{"rendered":"<p>Santo Domingo RD 29 enero.- Francisco Pe\u00f1a entr\u00f3 a las once en punto en compa\u00f1\u00eda de su hermano TJ al camerino de los Leones del Escogido y tras el saludo de rigor coloc\u00f3 su pesado bolso en el mismo casillero que utiliz\u00f3 en el 2012 cuando reforz\u00f3 por primera vez a los Leones del Escogido [&hellip;]<\/p>\n","protected":false},"author":3,"featured_media":0,"comment_status":"open","ping_status":"open","sticky":false,"template":"","format":"standard","meta":{"footnotes":""},"categories":[17],"tags":[],"class_list":["post-214569","post","type-post","status-publish","format-standard","hentry","category-deportes"],"_links":{"self":[{"href":"https:\/\/diariodominicano.com\/index.php?rest_route=\/wp\/v2\/posts\/214569","targetHints":{"allow":["GET"]}}],"collection":[{"href":"https:\/\/diariodominicano.com\/index.php?rest_route=\/wp\/v2\/posts"}],"about":[{"href":"https:\/\/diariodominicano.com\/index.php?rest_route=\/wp\/v2\/types\/post"}],"author":[{"embeddable":true,"href":"https:\/\/diariodominicano.com\/index.php?rest_route=\/wp\/v2\/users\/3"}],"replies":[{"embeddable":true,"href":"https:\/\/diariodominicano.com\/index.php?rest_route=%2Fwp%2Fv2%2Fcomments&post=214569"}],"version-history":[{"count":0,"href":"https:\/\/diariodominicano.com\/index.php?rest_route=\/wp\/v2\/posts\/214569\/revisions"}],"wp:attachment":[{"href":"https:\/\/diariodominicano.com\/index.php?rest_route=%2Fwp%2Fv2%2Fmedia&parent=214569"}],"wp:term":[{"taxonomy":"category","embeddable":true,"href":"https:\/\/diariodominicano.com\/index.php?rest_route=%2Fwp%2Fv2%2Fcategories&post=214569"},{"taxonomy":"post_tag","embeddable":true,"href":"https:\/\/diariodominicano.com\/index.php?rest_route=%2Fwp%2Fv2%2Ftags&post=214569"}],"curies":[{"name":"wp","href":"https:\/\/api.w.org\/{rel}","templated":true}]}}