{"id":214562,"date":"2013-01-30T12:56:55","date_gmt":"2013-01-30T12:56:55","guid":{"rendered":"http:\/\/diariodominicano.ddns.net\/?p=214562"},"modified":"2013-01-30T12:56:55","modified_gmt":"2013-01-30T12:56:55","slug":"danilo-medina-confia-leones-del-escogido-retendra-titulo-en-serie-del-caribe","status":"publish","type":"post","link":"https:\/\/diariodominicano.com\/?p=214562","title":{"rendered":"Danilo Medina conf\u00eda Leones del Escogido retendr\u00e1 t\u00edtulo en Serie del Caribe"},"content":{"rendered":"<p><body><\/p>\n<p>Santo Domingo RD 30 enero (7:50 am).- El presidente Danilo Medina despidi\u00f3 a prima tarde de ayer a los Leones del Escogido y los exhort\u00f3 a retener el t\u00edtulo de campe\u00f3n en la Serie del Caribe, prevista para comenzar el pr\u00f3ximo viernes en Hermosillo, M\u00e9xico.<\/p>\n<\/p>\n<p>\u00abQue no se baje, que siga arriba\u00bb, le manifest\u00f3 el primer mandatario a Luis Manuel Bonetti, presidente del Escogido Bassebal Club, al momento de entregarle la bandera nacional en el acto celebrado en el Sal\u00f3n de Embajadores del Palacio Nacional.<\/p>\n<\/p>\n<p>\u00abSomos los campeones y vamos a retener la corona\u00bb, proclam\u00f3 el Jefe de Estado, quien luego recibi\u00f3 una r\u00e9plica de la chaqueta que vestir\u00e1 el equipo en el cl\u00e1sico caribe\u00f1o de manos del propio Bonetti, as\u00ed como de Jos\u00e9 Miguel Bonetti Du-Breil, vicepresidente de los Leones, y de Leonardo Matos Berrido, titular de la Liga Dominicana de B\u00e9isbol.<\/p>\n<\/p>\n<p>Medina sorprendi\u00f3 al llamar por sus nombres a Miguel Tejada, Fernando Rodney, Julio Lugo, \u00c1ngel Castro, Nelson Payano y Starling Castro, los seis jugadores presentes en la ceremonia. Este \u00faltimo no har\u00e1 el viaje, pero quiso estar presente en el acto de despedida de los campeones nacionales y extranjeros.<\/p>\n<\/p>\n<p>\u00abT\u00fa est\u00e1s igualito, ese swing est\u00e1 rapid\u00edsimo\u00bb, revel\u00f3 Tejada que le dijo Medina en la conversaci\u00f3n informal que sostuvieron. Luego se interes\u00f3 por el futuro de \u00abEl Pelotero de la Patria\u00bb en el b\u00e9isbol organizado.<\/p>\n<\/p>\n<p><strong>Conversaci\u00f3n con Rodney<\/strong><\/p>\n<p>\u00abT\u00fa eres el fuerte, t\u00fa eres Fernando Rodney\u00bb. Con estas palabras se dirigi\u00f3, a su vez, el Presidente al estelar relevista del Escogido y Tampa Bay, quien no pod\u00eda ocultar el halago que le produjo el seguimiento que el Jefe de Estado le ha dado a su carrera.<\/p>\n<\/p>\n<p>\u00abNada, Presidente, tratando de hacer el trabajo. Usted sabe que esta tierra produce muchos deportistas buenos\u00bb, le contest\u00f3 Rodney, a quien despu\u00e9s le habl\u00f3 sobre el pescado con coco y las ballenas jorobadas de Saman\u00e1, de donde \u00e9ste es oriundo.<\/p>\n<\/p>\n<p>Al saludar a Marte \u00e9l primer mandatario le aconsej\u00f3 que se siga enfocando en su trabajo y que no bajara la guardia porque tiene un gran futuro por delante.<\/p>\n<\/p>\n<p>\u00abDe la forma que me habl\u00f3, veo que el presidente ha seguido mi carrera y me siento privilegiado por eso\u00bb, apunt\u00f3 el talentoso jardinero de los Piratas de Pittsburgh, quien al decir de Mois\u00e9s Alou es el mejor jugador del torneo dominicano.<\/p>\n<\/p>\n<p>Junior Noboa, vicepresidente de Operaciones del conjunto escarlata, tambi\u00e9n se mostr\u00f3 impresionado con el conocimiento beisbol\u00edstico que tiene el licenciado Medina, quien es un fan\u00e1tico del Escogido aunque en el acto se cuid\u00f3 y en todo momento dijo que ahora se trata de Rep\u00fablica Dominicana.<\/p>\n<\/p>\n<p>\u00abEl presidente reconoci\u00f3 a pr\u00e1cticamente todos los muchachos y pregunt\u00f3 por algunos que no estuvieron como (Ricardo) Nanita y (Jos\u00e9) Constanza\u00bb, enfatiz\u00f3 Noboa. \u00abEl est\u00e1 m\u00e1s atento de lo que nosotros pens\u00e1bamos\u00bb.<\/p>\n<\/p>\n<p>El licenciado Medina estuvo acompa\u00f1ado por el secretario Administrativo de la Presidencia, Jos\u00e9 Ram\u00f3n Peralta, y por su asistente personal Carlos Pared P\u00e9rez, un activo fan\u00e1tico escarlata.<\/p>\n<\/p>\n<p>A la actividad asistieron, asimismo, el dirigente del Escogido, Audo Vicente, Eduardo Najri, secretario; Kai Schoenhals, tesorero; Luis Manuel Bonetti Mesa, suplente del director, as\u00ed como Jorge Torre, director ejecutivo de Lidom, entre otros.<\/p>\n<\/p>\n<p>El equipo tiene previsto viajar ma\u00f1ana jueves a las 2:15 en un vuelo charter a Hermosillo. <\/p>\n<h6> 2013-01-30 12:56:55 <\/h6>\n<p><!--\n<link rel=\"stylesheet\" href=\"css\/bootstrap.min.css\">\n\n\n<ul class=\"pagination\">\n\t    \n\t\n\n<li >\n\t<a href='?page_no=21671'>Previous<\/a>\n\t<\/li>\n\n\n       \n    \n\n<li><a href='?page_no=1'>1<\/a><\/li>\n\n\n\n<li><a href='?page_no=2'>2<\/a><\/li>\n\n\n\n<li><a>...<\/a><\/li>\n\n\n\n<li><a href='?page_no=21670'>21670<\/a><\/li>\n\n\n\n<li><a href='?page_no=21671'>21671<\/a><\/li>\n\n\n\n<li class='active'><a>21672<\/a><\/li>\n\n\n\n<li><a href='?page_no=21673'>21673<\/a><\/li>\n\n\n\n<li><a href='?page_no=21674'>21674<\/a><\/li>\n\n\n\n<li><a>...<\/a><\/li>\n\n\n\n<li><a href='?page_no=36618'>36618<\/a><\/li>\n\n\n\n<li><a href='?page_no=36619'>36619<\/a><\/li>\n\n    \n\t\n\n<li >\n\t<a href='?page_no=21673'>Next<\/a>\n\t<\/li>\n\n\n    \n\n<li><a href='?page_no=36619'>Last &rsaquo;&rsaquo;<\/a><\/li>\n\n<\/ul>\n\n\n--><br \/>\n<\/body><\/p>\n","protected":false},"excerpt":{"rendered":"<p>Santo Domingo RD 30 enero (7:50 am).- El presidente Danilo Medina despidi\u00f3 a prima tarde de ayer a los Leones del Escogido y los exhort\u00f3 a retener el t\u00edtulo de campe\u00f3n en la Serie del Caribe, prevista para comenzar el pr\u00f3ximo viernes en Hermosillo, M\u00e9xico. \u00abQue no se baje, que siga arriba\u00bb, le manifest\u00f3 el [&hellip;]<\/p>\n","protected":false},"author":3,"featured_media":0,"comment_status":"open","ping_status":"open","sticky":false,"template":"","format":"standard","meta":{"footnotes":""},"categories":[17],"tags":[],"class_list":["post-214562","post","type-post","status-publish","format-standard","hentry","category-deportes"],"_links":{"self":[{"href":"https:\/\/diariodominicano.com\/index.php?rest_route=\/wp\/v2\/posts\/214562","targetHints":{"allow":["GET"]}}],"collection":[{"href":"https:\/\/diariodominicano.com\/index.php?rest_route=\/wp\/v2\/posts"}],"about":[{"href":"https:\/\/diariodominicano.com\/index.php?rest_route=\/wp\/v2\/types\/post"}],"author":[{"embeddable":true,"href":"https:\/\/diariodominicano.com\/index.php?rest_route=\/wp\/v2\/users\/3"}],"replies":[{"embeddable":true,"href":"https:\/\/diariodominicano.com\/index.php?rest_route=%2Fwp%2Fv2%2Fcomments&post=214562"}],"version-history":[{"count":0,"href":"https:\/\/diariodominicano.com\/index.php?rest_route=\/wp\/v2\/posts\/214562\/revisions"}],"wp:attachment":[{"href":"https:\/\/diariodominicano.com\/index.php?rest_route=%2Fwp%2Fv2%2Fmedia&parent=214562"}],"wp:term":[{"taxonomy":"category","embeddable":true,"href":"https:\/\/diariodominicano.com\/index.php?rest_route=%2Fwp%2Fv2%2Fcategories&post=214562"},{"taxonomy":"post_tag","embeddable":true,"href":"https:\/\/diariodominicano.com\/index.php?rest_route=%2Fwp%2Fv2%2Ftags&post=214562"}],"curies":[{"name":"wp","href":"https:\/\/api.w.org\/{rel}","templated":true}]}}