{"id":214558,"date":"2013-01-30T16:09:05","date_gmt":"2013-01-30T16:09:05","guid":{"rendered":"http:\/\/diariodominicano.ddns.net\/?p=214558"},"modified":"2013-01-30T16:09:05","modified_gmt":"2013-01-30T16:09:05","slug":"milan-ficha-a-mario-balotelli","status":"publish","type":"post","link":"https:\/\/diariodominicano.com\/?p=214558","title":{"rendered":"Milan ficha a Mario Balotelli"},"content":{"rendered":"<p><body><\/p>\n<p>F\u00daTBOL<\/p>\n<p>Milan ficha a Balotelli<\/p>\n<\/p>\n<p>Mario Balotelli.<\/p>\n<\/p>\n<p>AP<\/p>\n<p>Milan<\/p>\n<p>El Milan anunci\u00f3 que lleg\u00f3 a un acuerdo con el Manchester City para fichar al delantero Mario Balotelli, quien se someter\u00e1 el mi\u00e9rcoles a los controles m\u00e9dicos de rigor. Balotelli firmar\u00eda luego un contrato por cuatro a\u00f1os y medio, hasta 2017, seg\u00fan reportes.<\/p>\n<\/p>\n<p>\u00abTenemos un pacto con Manchester City, Balotelli ser\u00e1 examinado ma\u00f1ana y luego firmar\u00e1&#8230; si no supera el control m\u00e9dico, no suceder\u00e1\u00bb, dijo a la AP el dirigente del Milan, Umberto Gandini.<\/p>\n<\/p>\n<p>Los informes de prensa se\u00f1alan que el Milan pag\u00f3 20 millones de euros, m\u00e1s algunas bonificaciones, y el ariete habr\u00eda aceptado reducir su salario para facilitar la operaci\u00f3n.<\/p>\n<\/p>\n<p>Balotelli surgi\u00f3 de las inferiores del Inter antes de irse al City en 2010. El artillero es un hincha confeso del Milan.<\/p>\n<\/p>\n<h6> 2013-01-30 16:09:05 <\/h6>\n<p><!--\n<link rel=\"stylesheet\" href=\"css\/bootstrap.min.css\">\n\n\n<ul class=\"pagination\">\n\t    \n\t\n\n<li >\n\t<a href='?page_no=21667'>Previous<\/a>\n\t<\/li>\n\n\n       \n    \n\n<li><a href='?page_no=1'>1<\/a><\/li>\n\n\n\n<li><a href='?page_no=2'>2<\/a><\/li>\n\n\n\n<li><a>...<\/a><\/li>\n\n\n\n<li><a href='?page_no=21666'>21666<\/a><\/li>\n\n\n\n<li><a href='?page_no=21667'>21667<\/a><\/li>\n\n\n\n<li class='active'><a>21668<\/a><\/li>\n\n\n\n<li><a href='?page_no=21669'>21669<\/a><\/li>\n\n\n\n<li><a href='?page_no=21670'>21670<\/a><\/li>\n\n\n\n<li><a>...<\/a><\/li>\n\n\n\n<li><a href='?page_no=36618'>36618<\/a><\/li>\n\n\n\n<li><a href='?page_no=36619'>36619<\/a><\/li>\n\n    \n\t\n\n<li >\n\t<a href='?page_no=21669'>Next<\/a>\n\t<\/li>\n\n\n    \n\n<li><a href='?page_no=36619'>Last &rsaquo;&rsaquo;<\/a><\/li>\n\n<\/ul>\n\n\n--><br \/>\n<\/body><\/p>\n","protected":false},"excerpt":{"rendered":"<p>F\u00daTBOL Milan ficha a Balotelli Mario Balotelli. AP Milan El Milan anunci\u00f3 que lleg\u00f3 a un acuerdo con el Manchester City para fichar al delantero Mario Balotelli, quien se someter\u00e1 el mi\u00e9rcoles a los controles m\u00e9dicos de rigor. Balotelli firmar\u00eda luego un contrato por cuatro a\u00f1os y medio, hasta 2017, seg\u00fan reportes. \u00abTenemos un pacto [&hellip;]<\/p>\n","protected":false},"author":3,"featured_media":0,"comment_status":"open","ping_status":"open","sticky":false,"template":"","format":"standard","meta":{"footnotes":""},"categories":[17],"tags":[],"class_list":["post-214558","post","type-post","status-publish","format-standard","hentry","category-deportes"],"_links":{"self":[{"href":"https:\/\/diariodominicano.com\/index.php?rest_route=\/wp\/v2\/posts\/214558","targetHints":{"allow":["GET"]}}],"collection":[{"href":"https:\/\/diariodominicano.com\/index.php?rest_route=\/wp\/v2\/posts"}],"about":[{"href":"https:\/\/diariodominicano.com\/index.php?rest_route=\/wp\/v2\/types\/post"}],"author":[{"embeddable":true,"href":"https:\/\/diariodominicano.com\/index.php?rest_route=\/wp\/v2\/users\/3"}],"replies":[{"embeddable":true,"href":"https:\/\/diariodominicano.com\/index.php?rest_route=%2Fwp%2Fv2%2Fcomments&post=214558"}],"version-history":[{"count":0,"href":"https:\/\/diariodominicano.com\/index.php?rest_route=\/wp\/v2\/posts\/214558\/revisions"}],"wp:attachment":[{"href":"https:\/\/diariodominicano.com\/index.php?rest_route=%2Fwp%2Fv2%2Fmedia&parent=214558"}],"wp:term":[{"taxonomy":"category","embeddable":true,"href":"https:\/\/diariodominicano.com\/index.php?rest_route=%2Fwp%2Fv2%2Fcategories&post=214558"},{"taxonomy":"post_tag","embeddable":true,"href":"https:\/\/diariodominicano.com\/index.php?rest_route=%2Fwp%2Fv2%2Ftags&post=214558"}],"curies":[{"name":"wp","href":"https:\/\/api.w.org\/{rel}","templated":true}]}}