{"id":213922,"date":"2013-04-09T20:47:00","date_gmt":"2013-04-09T20:47:00","guid":{"rendered":"http:\/\/diariodominicano.ddns.net\/?p=213922"},"modified":"2013-04-09T20:47:00","modified_gmt":"2013-04-09T20:47:00","slug":"el-autodromo-mobil-1-anuncia-el-inicio-del-campeonato-nacional-de-motociclismo","status":"publish","type":"post","link":"https:\/\/diariodominicano.com\/?p=213922","title":{"rendered":"&#13;El Aut\u00f3dromo Mobil 1 anuncia el inicio del Campeonato Nacional de Motociclismo"},"content":{"rendered":"<p><body><\/p>\n<p><span class=\"text1noticias\">Santo Domingo, RD, 9 de Abril.- El Aut\u00f3dromo Mobil 1 anunci\u00f3 el inicio del Campeonato Nacional de Motociclismo a efectuarse el domingo 14 de abril con la participaci\u00f3n de  pilotos de Cuba, Puerto Rico, Espa\u00f1a y Rep\u00fablica Dominicana.<\/span><\/p>\n<\/p>\n<p><span class=\"text1noticias\">El evento iniciar\u00e1 a las 11:00 a.m. con una cartelera que abarca ocho categor\u00edas, entre ellas la 50cc Racing, Pasola Libre, 100cc y 135cc agrupando la denominada \u00abbaja cilindrada\u00bb. En cuanto a la alta cilindrada las categor\u00edas continuar\u00e1n siendo las mismas del campeonato pasado iniciando con la categor\u00eda Amateur, Supersport 600, Pro Bike (antigua Pre Experto) y la m\u00e1xima Super Bike.<\/span><\/p>\n<\/p>\n<p><span class=\"text1noticias\">Existe un gran entusiasmo entre los seguidores del motociclismo por el inicio de la lucha por la supremac\u00eda en todas las categor\u00edas, en especial la Super Bike, donde el campe\u00f3n nacional Waldis Veras se prepara para defender su t\u00edtulo, obtenido por<\/span> <span class=\"text1noticias\">primera vez en su carrera en la pasada temporada. La tarea no ser\u00e1 nada f\u00e1cil para Veras ya que entre sus rivales se encuentran un nutrido grupo de excelentes pilotos entre los que se destacan Emilio \u00abLa Fuerza\u00bb Pe\u00f1a, anterior campe\u00f3n de la categor\u00eda, de igual forma el cubano Nirio Rivero quien luch\u00f3 por el t\u00edtulo con Veras durante toda la temporada pasada, as\u00ed como el dominicano residente en New York, \u00c1ngel Cruz \u00abEl Evang\u00e9lico\u00bb y el francomacorisano Enmanuel Then. Como si todo esto fuera poco se suman a la categor\u00eda los ex campeones Franklin Dom\u00ednguez y el cubano Manolo Angeles, ambos pilotos siempre han marcado buen ritmo en el trazado del Aut\u00f3dromo Mobil 1 y prometen seguir siendo competitivos en su retorno al pa\u00eds para la temporada 2013.<\/span><\/p>\n<\/p>\n<p><span class=\"text1noticias\">La reci\u00e9n bautizada categor\u00eda Pro Bike ser\u00e1 una de las que mejor espect\u00e1culo presentar\u00e1 durante la temporada que inicia el domingo 14 de abril. El campe\u00f3n reinante Wellintong Cabrera tendr\u00e1 que emplearse a fondo para implantar su ritmo ante un fuerte grupo de adversarios encabezados por Adriano Paredes, Eric Santos y Riner L\u00f3pez. De igual forma, David Mart\u00ednez y su compa\u00f1ero de equipo el actual campe\u00f3n Amateur y que esta temporada sube de categor\u00eda Amauris Garc\u00eda. Junto a estos pilotos Carlos Ramos se suma desde Puerto Rico y los espa\u00f1oles Jos\u00e9 Cueto y Jorge Aguilar, entre otros.<\/span><\/p>\n<\/p>\n<p><span class=\"text1noticias\">Dentro de las atracciones que tendr\u00e1 el evento del fin de semana se encuentra la participaci\u00f3n de varios grupos de bikers los cuales estar\u00e1n exhibiendo sus bellas y potentes m\u00e1quinas Harley Davidson durante el programa de actividades. Asimismo, previo a la competencia de la m\u00e1xima categor\u00eda el p\u00fablico podr\u00e1 ingresar a la calle de Pits del Aut\u00f3dromo Mobil 1 y compartir de cerca con los pilotos, previo al inicio de la m\u00e1xima categor\u00eda.(HG)<\/span>.<\/p>\n<h6> 2013-04-09 20:47:00 <\/h6>\n<p><!--\n<link rel=\"stylesheet\" href=\"css\/bootstrap.min.css\">\n\n\n<ul class=\"pagination\">\n\t    \n\t\n\n<li >\n\t<a href='?page_no=21031'>Previous<\/a>\n\t<\/li>\n\n\n       \n    \n\n<li><a href='?page_no=1'>1<\/a><\/li>\n\n\n\n<li><a href='?page_no=2'>2<\/a><\/li>\n\n\n\n<li><a>...<\/a><\/li>\n\n\n\n<li><a href='?page_no=21030'>21030<\/a><\/li>\n\n\n\n<li><a href='?page_no=21031'>21031<\/a><\/li>\n\n\n\n<li class='active'><a>21032<\/a><\/li>\n\n\n\n<li><a href='?page_no=21033'>21033<\/a><\/li>\n\n\n\n<li><a href='?page_no=21034'>21034<\/a><\/li>\n\n\n\n<li><a>...<\/a><\/li>\n\n\n\n<li><a href='?page_no=36618'>36618<\/a><\/li>\n\n\n\n<li><a href='?page_no=36619'>36619<\/a><\/li>\n\n    \n\t\n\n<li >\n\t<a href='?page_no=21033'>Next<\/a>\n\t<\/li>\n\n\n    \n\n<li><a href='?page_no=36619'>Last &rsaquo;&rsaquo;<\/a><\/li>\n\n<\/ul>\n\n\n--><br \/>\n<\/body><\/p>\n","protected":false},"excerpt":{"rendered":"<p>Santo Domingo, RD, 9 de Abril.- El Aut\u00f3dromo Mobil 1 anunci\u00f3 el inicio del Campeonato Nacional de Motociclismo a efectuarse el domingo 14 de abril con la participaci\u00f3n de pilotos de Cuba, Puerto Rico, Espa\u00f1a y Rep\u00fablica Dominicana. El evento iniciar\u00e1 a las 11:00 a.m. con una cartelera que abarca ocho categor\u00edas, entre ellas la [&hellip;]<\/p>\n","protected":false},"author":3,"featured_media":0,"comment_status":"open","ping_status":"open","sticky":false,"template":"","format":"standard","meta":{"footnotes":""},"categories":[17],"tags":[],"class_list":["post-213922","post","type-post","status-publish","format-standard","hentry","category-deportes"],"_links":{"self":[{"href":"https:\/\/diariodominicano.com\/index.php?rest_route=\/wp\/v2\/posts\/213922","targetHints":{"allow":["GET"]}}],"collection":[{"href":"https:\/\/diariodominicano.com\/index.php?rest_route=\/wp\/v2\/posts"}],"about":[{"href":"https:\/\/diariodominicano.com\/index.php?rest_route=\/wp\/v2\/types\/post"}],"author":[{"embeddable":true,"href":"https:\/\/diariodominicano.com\/index.php?rest_route=\/wp\/v2\/users\/3"}],"replies":[{"embeddable":true,"href":"https:\/\/diariodominicano.com\/index.php?rest_route=%2Fwp%2Fv2%2Fcomments&post=213922"}],"version-history":[{"count":0,"href":"https:\/\/diariodominicano.com\/index.php?rest_route=\/wp\/v2\/posts\/213922\/revisions"}],"wp:attachment":[{"href":"https:\/\/diariodominicano.com\/index.php?rest_route=%2Fwp%2Fv2%2Fmedia&parent=213922"}],"wp:term":[{"taxonomy":"category","embeddable":true,"href":"https:\/\/diariodominicano.com\/index.php?rest_route=%2Fwp%2Fv2%2Fcategories&post=213922"},{"taxonomy":"post_tag","embeddable":true,"href":"https:\/\/diariodominicano.com\/index.php?rest_route=%2Fwp%2Fv2%2Ftags&post=213922"}],"curies":[{"name":"wp","href":"https:\/\/api.w.org\/{rel}","templated":true}]}}