{"id":213918,"date":"2013-04-10T14:40:11","date_gmt":"2013-04-10T14:40:11","guid":{"rendered":"http:\/\/diariodominicano.ddns.net\/?p=213918"},"modified":"2013-04-10T14:40:11","modified_gmt":"2013-04-10T14:40:11","slug":"los-toros-presentan-su-nuevo-presidente-luis-emilio-rodriguez-amiama","status":"publish","type":"post","link":"https:\/\/diariodominicano.com\/?p=213918","title":{"rendered":"Los Toros presentan su nuevo presidente, Luis Emilio Rodr\u00edguez Amiama"},"content":{"rendered":"<p><body><\/p>\n<p>La Romana RD 10 abril.- El nuevo presidente de los Toros del Este, Luis Emilio Rodr\u00edguez Amiama, afirm\u00f3 que la junta directiva que dirige no escatimar\u00e1 esfuerzos humanos ni econ\u00f3micos para lograr que el equipo tenga una presencia de dominio en la pelota dominicana.<\/p>\n<\/p>\n<p>\u00abNuestras primeras acciones, siempre con el apoyo de Central Romana, est\u00e1n dise\u00f1adas para realizar una serie de acondicionamientos en las \u00e1reas operativas del estadio Francisco Micheli y dar respaldo al cuerpo t\u00e9cnico para que conforme un equipo de gran nivel competitivo\u00bb, se\u00f1al\u00f3 Rodr\u00edguez Amiama tras ser presentado este martes en el Centro de Convenciones Cacique, en el complejo Casa de Campo de aqu\u00ed.<\/p>\n<\/p>\n<p>\u00abResulta un gran compromiso y a la vez un reto asumir la presidencia de nuestro equipo, primero, porque he recibido un voto de confianza para dar continuidad a la labor que durante once temporadas ejerci\u00f3 Francisco Micheli, en cuya gesti\u00f3n los Toros mantuvieron un alto nivel de competencia, obteniendo su segunda corona, y segundo, porque esta nueva junta asume el relevo con dinamismo, pasi\u00f3n y deseos de ganar\u00bb, declar\u00f3.<\/p>\n<\/p>\n<p>El gerente general, F\u00e9lix Francisco, destac\u00f3 la capacidad de trabajo de Micheli y el respaldo recibido por el nuevo cuadro directivo de accionar sin reservas.<\/p>\n<\/p>\n<p><strong>La nueva directiva<\/strong><\/p>\n<\/p>\n<p>A Rodr\u00edguez Amiama le acompa\u00f1an en la directiva, Eduardo Mart\u00ednez-Lima Gonzalvo, Leo Matos Garc\u00eda y Alfonso Paniagua, vicepresidentes; Luis Catano, vicepresidente ejecutivo; Luis Alc\u00e1ntara, secretario; Abel Mej\u00eda, tesorero y \u00c1ngel Ledesma, Jos\u00e9 Manuel Cont\u00edn, Ricardo Bello, Juan Julio B\u00e1ez y Eduardo V\u00e1squez, vocales.<\/p>\n<\/p>\n<p><strong>Un reconocimiento<\/strong><\/p>\n<p>Al inicio de la presentaci\u00f3n el presidente renunciante, Francisco Micheli, recibi\u00f3 una placa de reconocimientos de manos de los vicepresidentes administrativos de Central Romana, Eduardo Mart\u00ednez-Lima Gonzalvo y Leo Matos Garc\u00eda, por su destacada labor de once a\u00f1os al frente del equipo.<\/p>\n<\/p>\n<p>Micheli, visiblemente emocionado, agradeci\u00f3 la confianza depositada en su dilatada y exitosa gesti\u00f3n de siete avances a postemporada en once campa\u00f1as con una corona y resalt\u00f3 la paciencia y el respaldo de su familia.<\/p>\n<p><strong> <\/strong><\/p>\n<p><strong>Los arreglos<\/strong><\/p>\n<\/p>\n<p>Los arreglos a los que se refiri\u00f3 el nuevo timonel de los Toros en el estadio est\u00e1n relacionados con la rehabilitaci\u00f3n de las cajas de bateo y el bullpen, coloc\u00e1ndoles m\u00e1quinas autom\u00e1ticas y un sistema de monitoreo de video.<\/p>\n<\/p>\n<p>El camerino y el cuarto de trainner ser\u00e1n remodelados bajos los est\u00e1ndares de Grandes Ligas, incluyendo modernos equipos para masajes y otras especialidades. Igualmente, al terreno de juego le ser\u00e1 reimplantada grama nueva y ser\u00e1 dotado de un nuevo equipo de riego.<\/p>\n<\/p>\n<p>\u00abTambi\u00e9n se acondicionar\u00e1n todas las \u00e1reas que sean necesarias para beneficio de nuestra fiel fanaticada a la que desde ahora hago un llamado de integraci\u00f3n total para la pr\u00f3xima campa\u00f1a\u00bb, dijo.<\/p>\n<\/p>\n<p><strong>Cinco presidentes<\/strong><\/p>\n<p><strong> <\/strong><\/p>\n<p>La franquicia romanense ha tenido cinco presidentes desde que surgi\u00f3 en 1983 y los antecesores son: Otto Goyco, Felipe La Hoz, Arturo Gil y Francisco Micheli.<\/p>\n<h6> 2013-04-10 14:40:11 <\/h6>\n<p><!--\n<link rel=\"stylesheet\" href=\"css\/bootstrap.min.css\">\n\n\n<ul class=\"pagination\">\n\t    \n\t\n\n<li >\n\t<a href='?page_no=21027'>Previous<\/a>\n\t<\/li>\n\n\n       \n    \n\n<li><a href='?page_no=1'>1<\/a><\/li>\n\n\n\n<li><a href='?page_no=2'>2<\/a><\/li>\n\n\n\n<li><a>...<\/a><\/li>\n\n\n\n<li><a href='?page_no=21026'>21026<\/a><\/li>\n\n\n\n<li><a href='?page_no=21027'>21027<\/a><\/li>\n\n\n\n<li class='active'><a>21028<\/a><\/li>\n\n\n\n<li><a href='?page_no=21029'>21029<\/a><\/li>\n\n\n\n<li><a href='?page_no=21030'>21030<\/a><\/li>\n\n\n\n<li><a>...<\/a><\/li>\n\n\n\n<li><a href='?page_no=36618'>36618<\/a><\/li>\n\n\n\n<li><a href='?page_no=36619'>36619<\/a><\/li>\n\n    \n\t\n\n<li >\n\t<a href='?page_no=21029'>Next<\/a>\n\t<\/li>\n\n\n    \n\n<li><a href='?page_no=36619'>Last &rsaquo;&rsaquo;<\/a><\/li>\n\n<\/ul>\n\n\n--><br \/>\n<\/body><\/p>\n","protected":false},"excerpt":{"rendered":"<p>La Romana RD 10 abril.- El nuevo presidente de los Toros del Este, Luis Emilio Rodr\u00edguez Amiama, afirm\u00f3 que la junta directiva que dirige no escatimar\u00e1 esfuerzos humanos ni econ\u00f3micos para lograr que el equipo tenga una presencia de dominio en la pelota dominicana. \u00abNuestras primeras acciones, siempre con el apoyo de Central Romana, est\u00e1n [&hellip;]<\/p>\n","protected":false},"author":3,"featured_media":0,"comment_status":"open","ping_status":"open","sticky":false,"template":"","format":"standard","meta":{"footnotes":""},"categories":[17],"tags":[],"class_list":["post-213918","post","type-post","status-publish","format-standard","hentry","category-deportes"],"_links":{"self":[{"href":"https:\/\/diariodominicano.com\/index.php?rest_route=\/wp\/v2\/posts\/213918","targetHints":{"allow":["GET"]}}],"collection":[{"href":"https:\/\/diariodominicano.com\/index.php?rest_route=\/wp\/v2\/posts"}],"about":[{"href":"https:\/\/diariodominicano.com\/index.php?rest_route=\/wp\/v2\/types\/post"}],"author":[{"embeddable":true,"href":"https:\/\/diariodominicano.com\/index.php?rest_route=\/wp\/v2\/users\/3"}],"replies":[{"embeddable":true,"href":"https:\/\/diariodominicano.com\/index.php?rest_route=%2Fwp%2Fv2%2Fcomments&post=213918"}],"version-history":[{"count":0,"href":"https:\/\/diariodominicano.com\/index.php?rest_route=\/wp\/v2\/posts\/213918\/revisions"}],"wp:attachment":[{"href":"https:\/\/diariodominicano.com\/index.php?rest_route=%2Fwp%2Fv2%2Fmedia&parent=213918"}],"wp:term":[{"taxonomy":"category","embeddable":true,"href":"https:\/\/diariodominicano.com\/index.php?rest_route=%2Fwp%2Fv2%2Fcategories&post=213918"},{"taxonomy":"post_tag","embeddable":true,"href":"https:\/\/diariodominicano.com\/index.php?rest_route=%2Fwp%2Fv2%2Ftags&post=213918"}],"curies":[{"name":"wp","href":"https:\/\/api.w.org\/{rel}","templated":true}]}}