{"id":213908,"date":"2013-04-11T13:19:26","date_gmt":"2013-04-11T13:19:26","guid":{"rendered":"http:\/\/diariodominicano.ddns.net\/?p=213908"},"modified":"2013-04-11T13:19:26","modified_gmt":"2013-04-11T13:19:26","slug":"fedogolf-montara-por-segunda-vez-el-pga-tour-latinoamerica-del-26-de-mayo-al-primero-de-junio","status":"publish","type":"post","link":"https:\/\/diariodominicano.com\/?p=213908","title":{"rendered":"Fedogolf montar\u00e1 por segunda vez el PGA Tour Latinoam\u00e9rica del 26 de mayo al primero de junio"},"content":{"rendered":"<p><body><\/p>\n<p><span class=\"text1noticias\">Santo Domingo RD 11 abril.- Por segunda vez, la Rep\u00fablica Dominicana ser\u00e1 sede y parte del PGA Tour Latinoam\u00e9rica de Golf, el cual ser\u00e1 celebrado entre el 26 de mayo y primero de junio en el Hard Rock Golf Club de Punta Cana, seg\u00fan inform\u00f3 el presidente de la Federaci\u00f3n Dominicana de ese deporte.<\/span><\/p>\n<\/p>\n<p><span class=\"text1noticias\">Juan Coh\u00e9n, m\u00e1ximo ejecutivo del golf criollo, indic\u00f3 que este evento reunir\u00e1 a competidores de 9 pa\u00edses y el mismo tendr\u00e1 una dedicatoria a Don Manuel Jim\u00e9nez, quien es vicepresidente del Banco Popular Dominicano.<\/span><\/p>\n<\/p>\n<p><span class=\"text1noticias\">\u00abJim\u00e9nez fue el primero en apoyar esta idea, y queremos honrarlo por su valioso apoyo y por ser un apasionado y propulsor de nuestro deporte\u00bb, agreg\u00f3.<\/span><\/p>\n<\/p>\n<p><span class=\"text1noticias\">\u00abEste momento que estamos viviendo en el golf nacional es un privilegio el hacer el anuncio en la casa del deporte local como es el Comit\u00e9 Ol\u00edmpico Dominicano\u00bb, dijo.<\/span><\/p>\n<\/p>\n<p><span class=\"text1noticias\">Coh\u00e9n indic\u00f3 como voz de alerta a las autoridades nacionales que \u00abel golf debe ser un punta de lanza para desarrollar el turismo en Rep\u00fablica Dominicana\u00bb. Y a\u00f1adi\u00f3 que \u00aben la medida que tengamos m\u00e1s golf, tendremos un mejor pa\u00eds\u00bb.<\/span><\/p>\n<\/p>\n<p><span class=\"text1noticias\">M\u00e1s de 140 jugadores profesionales de Am\u00e9rica Latina, representar\u00e1n a nueve pa\u00edses que jugar\u00e1n cuatro rondas de 18 hoyos. La justa incluye un torneo Pro-Am, pautado para efectuarse el martes 28 de mayor.<\/span><\/p>\n<\/p>\n<p><span class=\"text1noticias\">Esta ser\u00e1 la s\u00e9ptima parada de 14 que componen el PGA Tour de Latinoam\u00e9rica, cuyos cinco mejores jugadores acceder\u00e1n al web.com, antesala del PGA Profesional.<\/span><\/p>\n<\/p>\n<p><span class=\"text1noticias\">Los pa\u00edses representados ser\u00e1n Argentina, Brasil, Colombia, Chile, Per\u00fa, Puerto Rico, Guatemala, Uruguay  y Rep\u00fablica Dominicana.<\/span><\/p>\n<\/p>\n<p><span class=\"text1noticias\">Durante la conferencia, el presidente de la PGA Tour Latinoam\u00e9rica, Jack Warfield, elogi\u00f3 con un alto sentido de valoraci\u00f3n la parada del Tour en nuestro pa\u00eds.<\/span><\/p>\n<\/p>\n<p><span class=\"text1noticias\">\u00abEs la forma en que se respeta cada sede en Latinoam\u00e9rica. No queremos perder el momento que vive el golf en el \u00e1rea y Rep\u00fablica Dominicana posee toda la log\u00edstica para montar un evento de esta naturaleza y m\u00e1s con el importante rengl\u00f3n hotelero a su favor\u00bb, dijo Warfield a trav\u00e9s de un interlocutor.<\/span><\/p>\n<\/p>\n<p><span class=\"text1noticias\">\u00abEsto es hace camino hacia el Tour Grande\u00bb, reiter\u00f3.<\/span><\/p>\n<\/p>\n<p><span class=\"text1noticias\">En la competencia estar\u00e1n activos los cotizados jugadores dominicanos Willy Pumarol y Julio Santos, quienes juegan el circuito completo y buscar\u00e1n ser profetas en su tierra. El mexicano Oscar Fraustro fue el campe\u00f3n del pasado torneo<\/span>.<\/p>\n<\/p>\n<\/p>\n<h6> 2013-04-11 13:19:26 <\/h6>\n<p><!--\n<link rel=\"stylesheet\" href=\"css\/bootstrap.min.css\">\n\n\n<ul class=\"pagination\">\n\t    \n\t\n\n<li >\n\t<a href='?page_no=21017'>Previous<\/a>\n\t<\/li>\n\n\n       \n    \n\n<li><a href='?page_no=1'>1<\/a><\/li>\n\n\n\n<li><a href='?page_no=2'>2<\/a><\/li>\n\n\n\n<li><a>...<\/a><\/li>\n\n\n\n<li><a href='?page_no=21016'>21016<\/a><\/li>\n\n\n\n<li><a href='?page_no=21017'>21017<\/a><\/li>\n\n\n\n<li class='active'><a>21018<\/a><\/li>\n\n\n\n<li><a href='?page_no=21019'>21019<\/a><\/li>\n\n\n\n<li><a href='?page_no=21020'>21020<\/a><\/li>\n\n\n\n<li><a>...<\/a><\/li>\n\n\n\n<li><a href='?page_no=36618'>36618<\/a><\/li>\n\n\n\n<li><a href='?page_no=36619'>36619<\/a><\/li>\n\n    \n\t\n\n<li >\n\t<a href='?page_no=21019'>Next<\/a>\n\t<\/li>\n\n\n    \n\n<li><a href='?page_no=36619'>Last &rsaquo;&rsaquo;<\/a><\/li>\n\n<\/ul>\n\n\n--><br \/>\n<\/body><\/p>\n","protected":false},"excerpt":{"rendered":"<p>Santo Domingo RD 11 abril.- Por segunda vez, la Rep\u00fablica Dominicana ser\u00e1 sede y parte del PGA Tour Latinoam\u00e9rica de Golf, el cual ser\u00e1 celebrado entre el 26 de mayo y primero de junio en el Hard Rock Golf Club de Punta Cana, seg\u00fan inform\u00f3 el presidente de la Federaci\u00f3n Dominicana de ese deporte. Juan [&hellip;]<\/p>\n","protected":false},"author":3,"featured_media":0,"comment_status":"open","ping_status":"open","sticky":false,"template":"","format":"standard","meta":{"footnotes":""},"categories":[17],"tags":[],"class_list":["post-213908","post","type-post","status-publish","format-standard","hentry","category-deportes"],"_links":{"self":[{"href":"https:\/\/diariodominicano.com\/index.php?rest_route=\/wp\/v2\/posts\/213908","targetHints":{"allow":["GET"]}}],"collection":[{"href":"https:\/\/diariodominicano.com\/index.php?rest_route=\/wp\/v2\/posts"}],"about":[{"href":"https:\/\/diariodominicano.com\/index.php?rest_route=\/wp\/v2\/types\/post"}],"author":[{"embeddable":true,"href":"https:\/\/diariodominicano.com\/index.php?rest_route=\/wp\/v2\/users\/3"}],"replies":[{"embeddable":true,"href":"https:\/\/diariodominicano.com\/index.php?rest_route=%2Fwp%2Fv2%2Fcomments&post=213908"}],"version-history":[{"count":0,"href":"https:\/\/diariodominicano.com\/index.php?rest_route=\/wp\/v2\/posts\/213908\/revisions"}],"wp:attachment":[{"href":"https:\/\/diariodominicano.com\/index.php?rest_route=%2Fwp%2Fv2%2Fmedia&parent=213908"}],"wp:term":[{"taxonomy":"category","embeddable":true,"href":"https:\/\/diariodominicano.com\/index.php?rest_route=%2Fwp%2Fv2%2Fcategories&post=213908"},{"taxonomy":"post_tag","embeddable":true,"href":"https:\/\/diariodominicano.com\/index.php?rest_route=%2Fwp%2Fv2%2Ftags&post=213908"}],"curies":[{"name":"wp","href":"https:\/\/api.w.org\/{rel}","templated":true}]}}