{"id":213903,"date":"2013-04-11T20:27:03","date_gmt":"2013-04-11T20:27:03","guid":{"rendered":"http:\/\/diariodominicano.ddns.net\/?p=213903"},"modified":"2013-04-11T20:27:03","modified_gmt":"2013-04-11T20:27:03","slug":"mescyt-apoya-realizacion-juegos-universitarios-nacionales-junto-a-miderec-y-el-itla","status":"publish","type":"post","link":"https:\/\/diariodominicano.com\/?p=213903","title":{"rendered":"MESCyT Apoya Realizaci\u00f3n Juegos Universitarios Nacionales junto a MIDEREC y el ITLA  &#13;"},"content":{"rendered":"<p><body><\/p>\n<\/p>\n<p><span class=\"text1noticias\"> <\/span><\/p>\n<\/p>\n<p><span class=\"text1noticias\">Santo Domingo, RD, 11 de abril.- La Ministra de Educaci\u00f3n Superior, Ciencia y Tecnolog\u00eda (MESCyT), doctora Ligia Amada Melo, inform\u00f3 que a partir del 15 de mayo se realizar\u00e1n los Juegos Universitarios Nacionales, conjuntamente con el Ministerio de Deportes y Recreaci\u00f3n (MIDEREC), y el Instituto Tecnol\u00f3gico de las Am\u00e9ricas (ITLA), el cual iniciar\u00e1 con un intercambio en voleibol.<\/span><\/p>\n<\/p>\n<p><span class=\"text1noticias\">Previo al inicio oficial de la jornada deportiva entre las universidades del pa\u00eds se desarrollar\u00e1 un ciclo de conferencias sobre la importancia de la pr\u00e1ctica deportiva entre los j\u00f3venes universitarios, tanto para la salud como para el aprendizaje y el rendimiento escolar en la educaci\u00f3n superior, que estar\u00e1n a cargo del ministro de Deportes doctor Jaime David Fern\u00e1ndez Mirabal.<\/span><\/p>\n<\/p>\n<p><span class=\"text1noticias\">La doctora Ligia Amada Melo  en compa\u00f1\u00eda de la viceministra para profesiones y certificaciones del MESCyT, licenciada Enid Gil, recibi\u00f3 en su despacho a los miembros de la comisi\u00f3n organizadora del Comit\u00e9 Ejecutivo de los Juegos Universitarios Deportivos, que est\u00e1 integrado adem\u00e1s por los se\u00f1ores Marcos D\u00edaz, viceministro de Deportes;  Eva Kuorikoski, del ITLA; y Roque Garc\u00eda de la Universidad APEC, con quienes trat\u00f3 cada detalle sobre el montaje del evento deportivo.<\/span><\/p>\n<\/p>\n<p><span class=\"text1noticias\">Motivaci\u00f3n e Instalaciones deportivas en las universidades<\/span><\/p>\n<\/p>\n<p><span class=\"text1noticias\">Durante el encuentro de la mencionada comisi\u00f3n en el despacho de la doctora Melo de Cardona, se motiv\u00f3 la idea de evaluar las universidades para conocer cu\u00e1ntas y c\u00f3mo est\u00e1n las instalaciones deportivas en los altos centros de estudios del pa\u00eds.<\/span><\/p>\n<\/p>\n<p><span class=\"text1noticias\">Un com\u00fan denominador entre los miembros del comit\u00e9 ejecutivo de la comisi\u00f3n organizadora de los Juegos Universitarios Nacionales, es que se debe motivar a la pr\u00e1ctica deportiva entre los estudiantes universitarios y a las autoridades de estos centros de estudios a la construcci\u00f3n de instalaciones deportivas y gimnasios.  <\/span><\/p>\n<\/p>\n<h6> 2013-04-11 20:27:03 <\/h6>\n<p><!--\n<link rel=\"stylesheet\" href=\"css\/bootstrap.min.css\">\n\n\n<ul class=\"pagination\">\n\t    \n\t\n\n<li >\n\t<a href='?page_no=21012'>Previous<\/a>\n\t<\/li>\n\n\n       \n    \n\n<li><a href='?page_no=1'>1<\/a><\/li>\n\n\n\n<li><a href='?page_no=2'>2<\/a><\/li>\n\n\n\n<li><a>...<\/a><\/li>\n\n\n\n<li><a href='?page_no=21011'>21011<\/a><\/li>\n\n\n\n<li><a href='?page_no=21012'>21012<\/a><\/li>\n\n\n\n<li class='active'><a>21013<\/a><\/li>\n\n\n\n<li><a href='?page_no=21014'>21014<\/a><\/li>\n\n\n\n<li><a href='?page_no=21015'>21015<\/a><\/li>\n\n\n\n<li><a>...<\/a><\/li>\n\n\n\n<li><a href='?page_no=36618'>36618<\/a><\/li>\n\n\n\n<li><a href='?page_no=36619'>36619<\/a><\/li>\n\n    \n\t\n\n<li >\n\t<a href='?page_no=21014'>Next<\/a>\n\t<\/li>\n\n\n    \n\n<li><a href='?page_no=36619'>Last &rsaquo;&rsaquo;<\/a><\/li>\n\n<\/ul>\n\n\n--><br \/>\n<\/body><\/p>\n","protected":false},"excerpt":{"rendered":"<p>Santo Domingo, RD, 11 de abril.- La Ministra de Educaci\u00f3n Superior, Ciencia y Tecnolog\u00eda (MESCyT), doctora Ligia Amada Melo, inform\u00f3 que a partir del 15 de mayo se realizar\u00e1n los Juegos Universitarios Nacionales, conjuntamente con el Ministerio de Deportes y Recreaci\u00f3n (MIDEREC), y el Instituto Tecnol\u00f3gico de las Am\u00e9ricas (ITLA), el cual iniciar\u00e1 con un [&hellip;]<\/p>\n","protected":false},"author":3,"featured_media":0,"comment_status":"open","ping_status":"open","sticky":false,"template":"","format":"standard","meta":{"footnotes":""},"categories":[17],"tags":[],"class_list":["post-213903","post","type-post","status-publish","format-standard","hentry","category-deportes"],"_links":{"self":[{"href":"https:\/\/diariodominicano.com\/index.php?rest_route=\/wp\/v2\/posts\/213903","targetHints":{"allow":["GET"]}}],"collection":[{"href":"https:\/\/diariodominicano.com\/index.php?rest_route=\/wp\/v2\/posts"}],"about":[{"href":"https:\/\/diariodominicano.com\/index.php?rest_route=\/wp\/v2\/types\/post"}],"author":[{"embeddable":true,"href":"https:\/\/diariodominicano.com\/index.php?rest_route=\/wp\/v2\/users\/3"}],"replies":[{"embeddable":true,"href":"https:\/\/diariodominicano.com\/index.php?rest_route=%2Fwp%2Fv2%2Fcomments&post=213903"}],"version-history":[{"count":0,"href":"https:\/\/diariodominicano.com\/index.php?rest_route=\/wp\/v2\/posts\/213903\/revisions"}],"wp:attachment":[{"href":"https:\/\/diariodominicano.com\/index.php?rest_route=%2Fwp%2Fv2%2Fmedia&parent=213903"}],"wp:term":[{"taxonomy":"category","embeddable":true,"href":"https:\/\/diariodominicano.com\/index.php?rest_route=%2Fwp%2Fv2%2Fcategories&post=213903"},{"taxonomy":"post_tag","embeddable":true,"href":"https:\/\/diariodominicano.com\/index.php?rest_route=%2Fwp%2Fv2%2Ftags&post=213903"}],"curies":[{"name":"wp","href":"https:\/\/api.w.org\/{rel}","templated":true}]}}