{"id":213901,"date":"2013-04-11T21:00:40","date_gmt":"2013-04-11T21:00:40","guid":{"rendered":"http:\/\/diariodominicano.ddns.net\/?p=213901"},"modified":"2013-04-11T21:00:40","modified_gmt":"2013-04-11T21:00:40","slug":"acosta-afirma-deporte-vive-momentos-dificiles-en-rd","status":"publish","type":"post","link":"https:\/\/diariodominicano.com\/?p=213901","title":{"rendered":"Acosta afirma deporte vive momentos dif\u00edciles en RD"},"content":{"rendered":"<p><body><\/p>\n<p><img decoding=\"async\" src=\"http:\/\/localhost:8080\/img3\/colin.JPG\" \/>  <\/p>\n<p><span class=\"text1noticias\">Santo Domingo, RD, 11 de Abril.-El secretario general del Comit\u00e9 Ol\u00edmpico Dominicano, Antonio Acosta, afirm\u00f3 que el deporte dominicano \u00abcomienza a vivir momentos dif\u00edciles\u00bb, por el trato desconsiderado que el Ministerio de Deportes ha estado dando al movimiento deportivo federado.<\/span><\/p>\n<\/p>\n<p><span class=\"text1noticias\">Acosta, quien tambi\u00e9n es presidente de la Federaci\u00f3n Dominicana de Lucha, lament\u00f3 que \u00abse haya retrocedido a una etapa que hab\u00eda sido superada\u00bb, al tiempo de manifestar su pena por el giro que han tomado las cosas en el deporte.<\/span><\/p>\n<\/p>\n<p><span class=\"text1noticias\">Manifest\u00f3 su rechazo a una informaci\u00f3n emitida por Enmanuel Trinidad, vice ministro de Deporte de Alto Rendimiento y Deporte Federado en la que da cuenta de haber llegado a supuestos acuerdos con las federaciones y de que est\u00e9n recibiendo un incremento de 43 millones en las subvenciones anuales que aporta el Estado a las federaciones.<\/span><\/p>\n<\/p>\n<p><span class=\"text1noticias\">Dej\u00f3 claramente establecido que en una ocasi\u00f3n asisti\u00f3 al Ministerio de Deportes a solicitud de funcionarios de esa cartera deportiva, pero en su condici\u00f3n de presidente de la Federaci\u00f3n Dominicana de Lucha y acompa\u00f1ado de otros dirigentes de esa entidad.<\/span><\/p>\n<\/p>\n<p><span class=\"text1noticias\">Relat\u00f3 que en esa oportunidad, funcionarios del Ministerio de Deportes ofrecieron mejorar las condiciones de alojamiento e incrementar las raciones de comida y la respuesta ha sido la reducci\u00f3n de la cantidad de raciones de alimentos asignadas, lo que ha creado situaciones dif\u00edciles a esa instituci\u00f3n. Tampoco se han materializados las mejoras a la instalaci\u00f3n prometida en esa ocasi\u00f3n.<\/span><\/p>\n<\/p>\n<p><span class=\"text1noticias\">La Federaci\u00f3n Dominicana de Lucha ha tenido por a\u00f1os un programa de desarrollo de talentos, lo que le ha permitido un desempe\u00f1o exitoso en eventos del Ciclo Ol\u00edmpico.<\/span><\/p>\n<\/p>\n<p><span class=\"text1noticias\">Dijo que el Ministerio de Deportes y sus funcionarios han querido confundir a la opini\u00f3n p\u00fablica, incluso publicando fotograf\u00edas en la que aparezco junto a On\u00e9simo Rufino G\u00f3mez, diciendo que represento a las federaciones y record\u00f3 que en esa oportunidad asisti\u00f3 a invitaci\u00f3n de ese organismo como representante de la entidad federativa que dirige.(HG)<\/span>.<\/p>\n<\/p>\n<h6> 2013-04-11 21:00:40 <\/h6>\n<p><!--\n<link rel=\"stylesheet\" href=\"css\/bootstrap.min.css\">\n\n\n<ul class=\"pagination\">\n\t    \n\t\n\n<li >\n\t<a href='?page_no=21010'>Previous<\/a>\n\t<\/li>\n\n\n       \n    \n\n<li><a href='?page_no=1'>1<\/a><\/li>\n\n\n\n<li><a href='?page_no=2'>2<\/a><\/li>\n\n\n\n<li><a>...<\/a><\/li>\n\n\n\n<li><a href='?page_no=21009'>21009<\/a><\/li>\n\n\n\n<li><a href='?page_no=21010'>21010<\/a><\/li>\n\n\n\n<li class='active'><a>21011<\/a><\/li>\n\n\n\n<li><a href='?page_no=21012'>21012<\/a><\/li>\n\n\n\n<li><a href='?page_no=21013'>21013<\/a><\/li>\n\n\n\n<li><a>...<\/a><\/li>\n\n\n\n<li><a href='?page_no=36618'>36618<\/a><\/li>\n\n\n\n<li><a href='?page_no=36619'>36619<\/a><\/li>\n\n    \n\t\n\n<li >\n\t<a href='?page_no=21012'>Next<\/a>\n\t<\/li>\n\n\n    \n\n<li><a href='?page_no=36619'>Last &rsaquo;&rsaquo;<\/a><\/li>\n\n<\/ul>\n\n\n--><br \/>\n<\/body><\/p>\n","protected":false},"excerpt":{"rendered":"<p>Santo Domingo, RD, 11 de Abril.-El secretario general del Comit\u00e9 Ol\u00edmpico Dominicano, Antonio Acosta, afirm\u00f3 que el deporte dominicano \u00abcomienza a vivir momentos dif\u00edciles\u00bb, por el trato desconsiderado que el Ministerio de Deportes ha estado dando al movimiento deportivo federado. Acosta, quien tambi\u00e9n es presidente de la Federaci\u00f3n Dominicana de Lucha, lament\u00f3 que \u00abse haya [&hellip;]<\/p>\n","protected":false},"author":3,"featured_media":0,"comment_status":"open","ping_status":"open","sticky":false,"template":"","format":"standard","meta":{"footnotes":""},"categories":[17],"tags":[],"class_list":["post-213901","post","type-post","status-publish","format-standard","hentry","category-deportes"],"_links":{"self":[{"href":"https:\/\/diariodominicano.com\/index.php?rest_route=\/wp\/v2\/posts\/213901","targetHints":{"allow":["GET"]}}],"collection":[{"href":"https:\/\/diariodominicano.com\/index.php?rest_route=\/wp\/v2\/posts"}],"about":[{"href":"https:\/\/diariodominicano.com\/index.php?rest_route=\/wp\/v2\/types\/post"}],"author":[{"embeddable":true,"href":"https:\/\/diariodominicano.com\/index.php?rest_route=\/wp\/v2\/users\/3"}],"replies":[{"embeddable":true,"href":"https:\/\/diariodominicano.com\/index.php?rest_route=%2Fwp%2Fv2%2Fcomments&post=213901"}],"version-history":[{"count":0,"href":"https:\/\/diariodominicano.com\/index.php?rest_route=\/wp\/v2\/posts\/213901\/revisions"}],"wp:attachment":[{"href":"https:\/\/diariodominicano.com\/index.php?rest_route=%2Fwp%2Fv2%2Fmedia&parent=213901"}],"wp:term":[{"taxonomy":"category","embeddable":true,"href":"https:\/\/diariodominicano.com\/index.php?rest_route=%2Fwp%2Fv2%2Fcategories&post=213901"},{"taxonomy":"post_tag","embeddable":true,"href":"https:\/\/diariodominicano.com\/index.php?rest_route=%2Fwp%2Fv2%2Ftags&post=213901"}],"curies":[{"name":"wp","href":"https:\/\/api.w.org\/{rel}","templated":true}]}}