{"id":213900,"date":"2013-04-11T21:15:38","date_gmt":"2013-04-11T21:15:38","guid":{"rendered":"http:\/\/diariodominicano.ddns.net\/?p=213900"},"modified":"2013-04-11T21:15:38","modified_gmt":"2013-04-11T21:15:38","slug":"vicepresidenta-exhorta-a-sectores-de-la-sociedad-a-fomentar-los-derechos-de-los-discapacitados","status":"publish","type":"post","link":"https:\/\/diariodominicano.com\/?p=213900","title":{"rendered":"Vicepresidenta exhorta a sectores de la sociedad a fomentar los derechos de los discapacitados"},"content":{"rendered":"<p><body><\/p>\n<p><img decoding=\"async\" src=\"img3\/marga.JPG\" \/><br \/><img decoding=\"async\" src=\"img3\/sordo.JPG\" \/>  <\/p>\n<p><span class=\"text1noticias\">Santo Domingo, RD, 11 de Abril.-La vicepresidenta de Rep\u00fablica, doctora Margarita Cede\u00f1o de Fern\u00e1ndez afirm\u00f3  que para tener una sociedad inclusiva y con justicia social, todos los dominicanos y dominicanas deben fomentar los derechos de la diversidad y de los grupos en vulnerabilidad, hasta lograr la igualdad de oportunidades.<\/span><\/p>\n<\/p>\n<p><span class=\"text1noticias\">La vicepresidenta sostuvo que este sector poblacional debe ser sostenido por todos los ciudadanos y ciudadanas del pa\u00eds, a fin de lograr que sean incluidos, reconocidos y apoyados socialmente.<\/span><\/p>\n<\/p>\n<p><span class=\"text1noticias\">Tambi\u00e9n exhort\u00f3 a los diferentes sectores sociales a trabajar en la promoci\u00f3n de los discapacitados.<\/span><\/p>\n<\/p>\n<p><span class=\"text1noticias\">\u00abEse es el inter\u00e9s del presidente Danilo Medina, a trav\u00e9s de las leyes y las herramientas que ha puesto a nuestra disposici\u00f3n, a los fines de que sigamos trabajando por una sociedad m\u00e1s incluyente donde todos y todas podamos tener igualdad de oportunidades\u00bb, se\u00f1al\u00f3 la doctora Cede\u00f1o de Fern\u00e1ndez.<\/span><\/p>\n<\/p>\n<p><span class=\"text1noticias\">Sus declaraciones fueron ofrecidas en el marco del acto de inauguraci\u00f3n del Primer Torneo Nacional de Baloncesto de Sordos, \u00abJugando Nos O\u00edmos\u00bb, celebrado en el Palacio de los Deportes Virgilio Travieso Soto de esta capital, donde realiz\u00f3 el saque de honor. La justa deportiva se extender\u00e1 hasta el pr\u00f3ximo domingo.<\/span><\/p>\n<\/p>\n<p><span class=\"text1noticias\">\u00abTodo lo que tenga que ver con el deporte, con la mejor\u00eda para los ciudadanos dominicanos, que tenga que ver con la inclusi\u00f3n, tenemos la necesidad de apoyarlos\u00bb, dijo <\/span><\/p>\n<p><span class=\"text1noticias\">Cede\u00f1o de Fern\u00e1ndez.<\/span><\/p>\n<\/p>\n<p><span class=\"text1noticias\">El Programa Progresando con Solidaridad, que forma parte del Gabinete de Coordinaci\u00f3n de Pol\u00edticas Sociales, que dirige la vicepresidenta Cede\u00f1o de Fern\u00e1ndez, firm\u00f3 en el 2012 una alianza de trabajo y cooperaci\u00f3n con las asociaciones que trabajan con personas con discapacidad, con el prop\u00f3sito de combatir la pobreza y promover el desarrollo social de los grupos vulnerables.<\/span><\/p>\n<\/p>\n<p><span class=\"text1noticias\">En tanto, el ministro de Deportes, doctor Jaime David Fern\u00e1ndez Mirabal, agradeci\u00f3 el apoyo brindado por la Vicepresidenta a este segmento poblacional del pa\u00eds, explicando que este Primer Torneo de Baloncesto para Sordos \u00abJugando nos O\u00edmos\u00bb, forma parte de los eventos deportivos que se llevar\u00e1n a cabo en distintas partes del pa\u00eds, hasta la celebraci\u00f3n del Festival de la Diversidad, a realizarse del 21 al 23 de junio, con la participaci\u00f3n de atletas con discapacidad.<\/span><\/p>\n<\/p>\n<p><span class=\"text1noticias\">Asimismo, el presidente de la Asociaci\u00f3n Nacional de Sordos, Tomy Guzm\u00e1n, consider\u00f3 que a partir del apoyo brindado por la Vicepresidenta de la Rep\u00fablica, las palabras se han convertido en acciones para el desarrollo de la comunidad sorda. <\/span><\/p>\n<\/p>\n<p><span class=\"text1noticias\">La organizaci\u00f3n del evento cuenta con la colaboraci\u00f3n de la Federaci\u00f3n Dominicana de Baloncesto y de otras instituciones afines.<\/span><\/p>\n<\/p>\n<p><span class=\"text1noticias\">Adem\u00e1s de la vicepresidenta doctora Margarita Cede\u00f1o de Fern\u00e1ndez, participaron en el acto de inauguraci\u00f3n el ministro de Deportes, doctor Jaime David Fern\u00e1ndez Mirabal; el viceministro de Deportes, Soterio Ram\u00edrez; el secretario general del Comit\u00e9 Ol\u00edmpico Internacional, Antonio Acosta y el presidentes de la Asociaci\u00f3n Nacional de Sordos, (Ansordo), Tomy Guzm\u00e1n.<\/span><\/p>\n<\/p>\n<p><span class=\"text1noticias\">Tambi\u00e9n los presidentes de la Fundaci\u00f3n P\u00e1ramo, Andr\u00e9s Ferreira, y de la Federaci\u00f3n Dominicana de Baloncesto, (Fedombal), Rafael Uribe. Los equipos que compiten en el torneo provienen de Bonao, La Vega, San Francisco de Macor\u00eds, Moca, Santiago y el Distrito Nacional.(HG)<\/span>.<\/p>\n<h6> 2013-04-11 21:15:38 <\/h6>\n<p><!--\n<link rel=\"stylesheet\" href=\"css\/bootstrap.min.css\">\n\n\n<ul class=\"pagination\">\n\t    \n\t\n\n<li >\n\t<a href='?page_no=21009'>Previous<\/a>\n\t<\/li>\n\n\n       \n    \n\n<li><a href='?page_no=1'>1<\/a><\/li>\n\n\n\n<li><a href='?page_no=2'>2<\/a><\/li>\n\n\n\n<li><a>...<\/a><\/li>\n\n\n\n<li><a href='?page_no=21008'>21008<\/a><\/li>\n\n\n\n<li><a href='?page_no=21009'>21009<\/a><\/li>\n\n\n\n<li class='active'><a>21010<\/a><\/li>\n\n\n\n<li><a href='?page_no=21011'>21011<\/a><\/li>\n\n\n\n<li><a href='?page_no=21012'>21012<\/a><\/li>\n\n\n\n<li><a>...<\/a><\/li>\n\n\n\n<li><a href='?page_no=36618'>36618<\/a><\/li>\n\n\n\n<li><a href='?page_no=36619'>36619<\/a><\/li>\n\n    \n\t\n\n<li >\n\t<a href='?page_no=21011'>Next<\/a>\n\t<\/li>\n\n\n    \n\n<li><a href='?page_no=36619'>Last &rsaquo;&rsaquo;<\/a><\/li>\n\n<\/ul>\n\n\n--><br \/>\n<\/body><\/p>\n","protected":false},"excerpt":{"rendered":"<p>Santo Domingo, RD, 11 de Abril.-La vicepresidenta de Rep\u00fablica, doctora Margarita Cede\u00f1o de Fern\u00e1ndez afirm\u00f3 que para tener una sociedad inclusiva y con justicia social, todos los dominicanos y dominicanas deben fomentar los derechos de la diversidad y de los grupos en vulnerabilidad, hasta lograr la igualdad de oportunidades. La vicepresidenta sostuvo que este sector [&hellip;]<\/p>\n","protected":false},"author":3,"featured_media":0,"comment_status":"open","ping_status":"open","sticky":false,"template":"","format":"standard","meta":{"footnotes":""},"categories":[17],"tags":[],"class_list":["post-213900","post","type-post","status-publish","format-standard","hentry","category-deportes"],"_links":{"self":[{"href":"https:\/\/diariodominicano.com\/index.php?rest_route=\/wp\/v2\/posts\/213900","targetHints":{"allow":["GET"]}}],"collection":[{"href":"https:\/\/diariodominicano.com\/index.php?rest_route=\/wp\/v2\/posts"}],"about":[{"href":"https:\/\/diariodominicano.com\/index.php?rest_route=\/wp\/v2\/types\/post"}],"author":[{"embeddable":true,"href":"https:\/\/diariodominicano.com\/index.php?rest_route=\/wp\/v2\/users\/3"}],"replies":[{"embeddable":true,"href":"https:\/\/diariodominicano.com\/index.php?rest_route=%2Fwp%2Fv2%2Fcomments&post=213900"}],"version-history":[{"count":0,"href":"https:\/\/diariodominicano.com\/index.php?rest_route=\/wp\/v2\/posts\/213900\/revisions"}],"wp:attachment":[{"href":"https:\/\/diariodominicano.com\/index.php?rest_route=%2Fwp%2Fv2%2Fmedia&parent=213900"}],"wp:term":[{"taxonomy":"category","embeddable":true,"href":"https:\/\/diariodominicano.com\/index.php?rest_route=%2Fwp%2Fv2%2Fcategories&post=213900"},{"taxonomy":"post_tag","embeddable":true,"href":"https:\/\/diariodominicano.com\/index.php?rest_route=%2Fwp%2Fv2%2Ftags&post=213900"}],"curies":[{"name":"wp","href":"https:\/\/api.w.org\/{rel}","templated":true}]}}