{"id":213899,"date":"2013-04-11T22:16:49","date_gmt":"2013-04-11T22:16:49","guid":{"rendered":"http:\/\/diariodominicano.ddns.net\/?p=213899"},"modified":"2013-04-11T22:16:49","modified_gmt":"2013-04-11T22:16:49","slug":"correa-anuncia-torneo-nacional-infantil","status":"publish","type":"post","link":"https:\/\/diariodominicano.com\/?p=213899","title":{"rendered":"Correa anuncia Torneo Nacional Infantil"},"content":{"rendered":"<p><body><\/p>\n<p><span class=\"text1noticias\">Santo Domingo, RD, 11 de Abril.-Con la partipaci\u00f3n de m\u00e1s de 200 atletas, la Federaci\u00f3n Dominicana de Atletismo celebrar\u00e1 este s\u00e1bado y domingo el Torneo Nacional Infantil teniendo como escenario la pista Alberto Torres de la Mota del Estadio F\u00e9lix S\u00e1nchez.<\/span><\/p>\n<\/p>\n<p><span class=\"text1noticias\">La informaci\u00f3n la dio a conocer ayer el presidente de la Federaci\u00f3n Dominicana de Atletismo, el atleta ol\u00edmpico, Gerardo Suero Correa. Dijo que el evento comenzar\u00e1 a las 10 de la ma\u00f1ana del s\u00e1bado con el acto de apertura.<\/span><\/p>\n<\/p>\n<p><span class=\"text1noticias\">Expuso que los atletas m\u00e1s destacados ser\u00e1n escogidos para las preselecciones, ya que el pa\u00eds estar\u00e1 participando en junio venidero en Curazao, en el Torneo Centroamericano y del Caribe de esas categor\u00edas.<\/span><\/p>\n<\/p>\n<p><span class=\"text1noticias\">Declar\u00f3 que tomar\u00e1n parte atletas de 30 provincias del pa\u00eds, los cuales traer\u00e1n unos ocho atletas por cada demarcaci\u00f2n.<\/span><\/p>\n<\/p>\n<p><span class=\"text1noticias\">\u00abEste fue el evento que nos aprob\u00f3 para este a\u00f1o el Ministerio de Deportes\u00bb, coment\u00f3 Suero Correa.<\/span><\/p>\n<\/p>\n<p><span class=\"text1noticias\">Indic\u00f3 que felicita a todos los presidentes de Asociaciones y los entrenadores por el gran trabajo que vienen haciendo con la juventud de sus pueblos.<\/span><\/p>\n<\/p>\n<p><span class=\"text1noticias\">\u00abCuando se trabaja con la base, pronto llegan los resultados\u00bb, acot\u00f3 Correa.<\/span><\/p>\n<\/p>\n<p><span class=\"text1noticias\">Paseo por el Metro<\/span><\/p>\n<\/p>\n<p><span class=\"text1noticias\">Dijo Correa que todos los atletas recibir\u00e1n un paseo en la L\u00ednea Uno del Metro de Santo Domingo a partir de las 10 de la ma\u00f1ana.<\/span><\/p>\n<\/p>\n<p><span class=\"text1noticias\">\u00abYa esa parte la coordinamos con el ingeniero Diandino Pe\u00f1a, directdor de la OPREP\u00bb, expuso.<\/span><\/p>\n<\/p>\n<p><span class=\"text1noticias\">Manifest\u00f3 que esa ser\u00e1 una experiencia \u00fanica para cientos de ni\u00f1os y ni\u00f1as que se montar\u00e1n en el Metro de Santo Domingo.(HG)<\/span>.<\/p>\n<h6> 2013-04-11 22:16:49 <\/h6>\n<p><!--\n<link rel=\"stylesheet\" href=\"css\/bootstrap.min.css\">\n\n\n<ul class=\"pagination\">\n\t    \n\t\n\n<li >\n\t<a href='?page_no=21008'>Previous<\/a>\n\t<\/li>\n\n\n       \n    \n\n<li><a href='?page_no=1'>1<\/a><\/li>\n\n\n\n<li><a href='?page_no=2'>2<\/a><\/li>\n\n\n\n<li><a>...<\/a><\/li>\n\n\n\n<li><a href='?page_no=21007'>21007<\/a><\/li>\n\n\n\n<li><a href='?page_no=21008'>21008<\/a><\/li>\n\n\n\n<li class='active'><a>21009<\/a><\/li>\n\n\n\n<li><a href='?page_no=21010'>21010<\/a><\/li>\n\n\n\n<li><a href='?page_no=21011'>21011<\/a><\/li>\n\n\n\n<li><a>...<\/a><\/li>\n\n\n\n<li><a href='?page_no=36618'>36618<\/a><\/li>\n\n\n\n<li><a href='?page_no=36619'>36619<\/a><\/li>\n\n    \n\t\n\n<li >\n\t<a href='?page_no=21010'>Next<\/a>\n\t<\/li>\n\n\n    \n\n<li><a href='?page_no=36619'>Last &rsaquo;&rsaquo;<\/a><\/li>\n\n<\/ul>\n\n\n--><br \/>\n<\/body><\/p>\n","protected":false},"excerpt":{"rendered":"<p>Santo Domingo, RD, 11 de Abril.-Con la partipaci\u00f3n de m\u00e1s de 200 atletas, la Federaci\u00f3n Dominicana de Atletismo celebrar\u00e1 este s\u00e1bado y domingo el Torneo Nacional Infantil teniendo como escenario la pista Alberto Torres de la Mota del Estadio F\u00e9lix S\u00e1nchez. La informaci\u00f3n la dio a conocer ayer el presidente de la Federaci\u00f3n Dominicana de [&hellip;]<\/p>\n","protected":false},"author":3,"featured_media":0,"comment_status":"open","ping_status":"open","sticky":false,"template":"","format":"standard","meta":{"footnotes":""},"categories":[17],"tags":[],"class_list":["post-213899","post","type-post","status-publish","format-standard","hentry","category-deportes"],"_links":{"self":[{"href":"https:\/\/diariodominicano.com\/index.php?rest_route=\/wp\/v2\/posts\/213899","targetHints":{"allow":["GET"]}}],"collection":[{"href":"https:\/\/diariodominicano.com\/index.php?rest_route=\/wp\/v2\/posts"}],"about":[{"href":"https:\/\/diariodominicano.com\/index.php?rest_route=\/wp\/v2\/types\/post"}],"author":[{"embeddable":true,"href":"https:\/\/diariodominicano.com\/index.php?rest_route=\/wp\/v2\/users\/3"}],"replies":[{"embeddable":true,"href":"https:\/\/diariodominicano.com\/index.php?rest_route=%2Fwp%2Fv2%2Fcomments&post=213899"}],"version-history":[{"count":0,"href":"https:\/\/diariodominicano.com\/index.php?rest_route=\/wp\/v2\/posts\/213899\/revisions"}],"wp:attachment":[{"href":"https:\/\/diariodominicano.com\/index.php?rest_route=%2Fwp%2Fv2%2Fmedia&parent=213899"}],"wp:term":[{"taxonomy":"category","embeddable":true,"href":"https:\/\/diariodominicano.com\/index.php?rest_route=%2Fwp%2Fv2%2Fcategories&post=213899"},{"taxonomy":"post_tag","embeddable":true,"href":"https:\/\/diariodominicano.com\/index.php?rest_route=%2Fwp%2Fv2%2Ftags&post=213899"}],"curies":[{"name":"wp","href":"https:\/\/api.w.org\/{rel}","templated":true}]}}