{"id":213896,"date":"2013-04-11T23:23:49","date_gmt":"2013-04-11T23:23:49","guid":{"rendered":"http:\/\/diariodominicano.ddns.net\/?p=213896"},"modified":"2013-04-11T23:23:49","modified_gmt":"2013-04-11T23:23:49","slug":"ministerio-de-la-juventud-reconoce-campeonas-de-boxeo-dominicano","status":"publish","type":"post","link":"https:\/\/diariodominicano.com\/?p=213896","title":{"rendered":"Ministerio de la Juventud reconoce campeonas de boxeo dominicano&#13;"},"content":{"rendered":"<p><body><\/p>\n<p><img decoding=\"async\" src=\"img3\/box.JPG\" \/>  <\/p>\n<p><span class=\"text1noticias\">Santo Domingo, RD, 11 de Abril.-El ministro de la juventud, ingeniero Jorge Minaya entreg\u00f3 un reconocimiento a la campeona mundial de boxeo Dahiana Santana, por su trayectoria, esfuerzo y entrega en el deporte, as\u00ed tambi\u00e9n por poner el nombre del pa\u00eds en alto a nivel nacional e internacional.<\/span><\/p>\n<\/p>\n<p><span class=\"text1noticias\">Minaya, tambi\u00e9n felicit\u00f3 a la joven boxeadora Liliana Mart\u00ednez Vargas  por su talento, trabajo encomiable y su dedicaci\u00f3n.<\/span><\/p>\n<\/p>\n<p><span class=\"text1noticias\">Asimismo, exhort\u00f3 a la juventud dominicana a seguir el ejemplo de Santana y Mart\u00ednez y esforzarse para tener \u00e9xito en la vida y dejar un legado en el pueblo dominicano, sin importar su estatus social y econ\u00f3mico.<\/span><\/p>\n<\/p>\n<p><span class=\"text1noticias\">Les reiter\u00f3 el apoyo a las j\u00f3venes y dijosentirse orgulloso de que el pa\u00eds cuente con talentos como ellas.<\/span><\/p>\n<\/p>\n<p><span class=\"text1noticias\">Agreg\u00f3, que el Ministerio reconocer\u00e1 siempre el trabajo de la juventud dominicana y seguir\u00e1 impulsando pol\u00edticas que ayuden a su desarrollo d\u00e1ndole continuidad al deseo del presidente Danilo Medina.<\/span><\/p>\n<\/p>\n<p><span class=\"text1noticias\">En el marco de la actividad el ministro despidi\u00f3 a Santana quien viajar\u00e1 al pa\u00eds de Argentina este 22 de abril a defender el t\u00edtulo mundial pluma de la Federaci\u00f3n Internacional de Boxeo (FIB) ante la Argentina Claudia L\u00f3pez y a Mart\u00ednez quien tambi\u00e9n ir\u00e1 a Alemania en mayo pr\u00f3ximo a pelear con la alemana Eilitice, dese\u00e1ndoles la victoria.<\/span><\/p>\n<\/p>\n<p><span class=\"text1noticias\">Las j\u00f3venes deportistas manifestaron sentirse agradecidas por el apoyo recibido por el MJ.<\/span><\/p>\n<\/p>\n<p><span class=\"text1noticias\">Santana dijo sentirse preparada para vencer en la pelea a la argentina, \u00abme siento confiada y nosotros los dominicanos tenemos mucho talento\u00bb, expres\u00f3.<\/span><\/p>\n<\/p>\n<p><span class=\"text1noticias\">En el acto estuvieron presentes, Donny Santana, subdirector de Desarrollo Fronterizo, Gallito Brea, entrenador de las deportistas y otros.(HG)<\/span>.<\/p>\n<h6> 2013-04-11 23:23:49 <\/h6>\n<p><!--\n<link rel=\"stylesheet\" href=\"css\/bootstrap.min.css\">\n\n\n<ul class=\"pagination\">\n\t    \n\t\n\n<li >\n\t<a href='?page_no=21005'>Previous<\/a>\n\t<\/li>\n\n\n       \n    \n\n<li><a href='?page_no=1'>1<\/a><\/li>\n\n\n\n<li><a href='?page_no=2'>2<\/a><\/li>\n\n\n\n<li><a>...<\/a><\/li>\n\n\n\n<li><a href='?page_no=21004'>21004<\/a><\/li>\n\n\n\n<li><a href='?page_no=21005'>21005<\/a><\/li>\n\n\n\n<li class='active'><a>21006<\/a><\/li>\n\n\n\n<li><a href='?page_no=21007'>21007<\/a><\/li>\n\n\n\n<li><a href='?page_no=21008'>21008<\/a><\/li>\n\n\n\n<li><a>...<\/a><\/li>\n\n\n\n<li><a href='?page_no=36618'>36618<\/a><\/li>\n\n\n\n<li><a href='?page_no=36619'>36619<\/a><\/li>\n\n    \n\t\n\n<li >\n\t<a href='?page_no=21007'>Next<\/a>\n\t<\/li>\n\n\n    \n\n<li><a href='?page_no=36619'>Last &rsaquo;&rsaquo;<\/a><\/li>\n\n<\/ul>\n\n\n--><br \/>\n<\/body><\/p>\n","protected":false},"excerpt":{"rendered":"<p>Santo Domingo, RD, 11 de Abril.-El ministro de la juventud, ingeniero Jorge Minaya entreg\u00f3 un reconocimiento a la campeona mundial de boxeo Dahiana Santana, por su trayectoria, esfuerzo y entrega en el deporte, as\u00ed tambi\u00e9n por poner el nombre del pa\u00eds en alto a nivel nacional e internacional. Minaya, tambi\u00e9n felicit\u00f3 a la joven boxeadora [&hellip;]<\/p>\n","protected":false},"author":3,"featured_media":0,"comment_status":"open","ping_status":"open","sticky":false,"template":"","format":"standard","meta":{"footnotes":""},"categories":[17],"tags":[],"class_list":["post-213896","post","type-post","status-publish","format-standard","hentry","category-deportes"],"_links":{"self":[{"href":"https:\/\/diariodominicano.com\/index.php?rest_route=\/wp\/v2\/posts\/213896","targetHints":{"allow":["GET"]}}],"collection":[{"href":"https:\/\/diariodominicano.com\/index.php?rest_route=\/wp\/v2\/posts"}],"about":[{"href":"https:\/\/diariodominicano.com\/index.php?rest_route=\/wp\/v2\/types\/post"}],"author":[{"embeddable":true,"href":"https:\/\/diariodominicano.com\/index.php?rest_route=\/wp\/v2\/users\/3"}],"replies":[{"embeddable":true,"href":"https:\/\/diariodominicano.com\/index.php?rest_route=%2Fwp%2Fv2%2Fcomments&post=213896"}],"version-history":[{"count":0,"href":"https:\/\/diariodominicano.com\/index.php?rest_route=\/wp\/v2\/posts\/213896\/revisions"}],"wp:attachment":[{"href":"https:\/\/diariodominicano.com\/index.php?rest_route=%2Fwp%2Fv2%2Fmedia&parent=213896"}],"wp:term":[{"taxonomy":"category","embeddable":true,"href":"https:\/\/diariodominicano.com\/index.php?rest_route=%2Fwp%2Fv2%2Fcategories&post=213896"},{"taxonomy":"post_tag","embeddable":true,"href":"https:\/\/diariodominicano.com\/index.php?rest_route=%2Fwp%2Fv2%2Ftags&post=213896"}],"curies":[{"name":"wp","href":"https:\/\/api.w.org\/{rel}","templated":true}]}}