{"id":213882,"date":"2013-04-13T13:59:49","date_gmt":"2013-04-13T13:59:49","guid":{"rendered":"http:\/\/diariodominicano.ddns.net\/?p=213882"},"modified":"2013-04-13T13:59:49","modified_gmt":"2013-04-13T13:59:49","slug":"jaime-david-tuvo-reunion-con-luisin-mejia-sobre-la-crisis","status":"publish","type":"post","link":"https:\/\/diariodominicano.com\/?p=213882","title":{"rendered":"Jaime David tuvo reuni\u00f3n con luis\u00edn Mej\u00eda sobre la crisis"},"content":{"rendered":"<p><body><\/p>\n<p>Santo Domingo RD 13 abril.- La crisis p\u00fablica que enfrenta actualmente al Comit\u00e9 Ol\u00edmpico Dominicano y al Ministerio de Deportes podr\u00eda tomar un curso conciliatorio, luego que los dos principales ejecutivos sostuvieran una reuni\u00f3n el viernes por la ma\u00f1ana.<\/p>\n<\/p>\n<p>El encuentro tuvo lugar temprano en la ma\u00f1ana de ayer en la sede del COD de esta capital y la iniciativa sali\u00f3 del Ministro Jaime David Fern\u00e1ndez Mirabal.<\/p>\n<\/p>\n<p>Luis\u00edn Mej\u00eda, presidente del COD, lo recibi\u00f3 con agrado, y las dos partes se reunieron por espacio de dos horas, seg\u00fan fuentes de Listin Diario. All\u00ed habr\u00edan hablado sobre los motivos de la crisis, que ha llevado a varias federaciones y al COD a quejarse de que el Ministerio de Deportes se niega a emitir los fondos suficientes para cubrir varios compromisos internacionales.<\/p>\n<\/p>\n<p>Incluso, la Federaci\u00f3n de Tiro solicit\u00f3 un pr\u00e9stamo bancario para que los atletas pudieran viajar este fin de semana.<\/p>\n<\/p>\n<p>Ambas partes, el COD y Miderec, tienen pautado un encuentro el d\u00eda 26 de este mes, pero el encuentro de ayer, que fue improvisado, podr\u00eda allanar el camino para una r\u00e1pida soluci\u00f3n.<\/p>\n<h6> 2013-04-13 13:59:49 <\/h6>\n<p><!--\n<link rel=\"stylesheet\" href=\"css\/bootstrap.min.css\">\n\n\n<ul class=\"pagination\">\n\t    \n\t\n\n<li >\n\t<a href='?page_no=20991'>Previous<\/a>\n\t<\/li>\n\n\n       \n    \n\n<li><a href='?page_no=1'>1<\/a><\/li>\n\n\n\n<li><a href='?page_no=2'>2<\/a><\/li>\n\n\n\n<li><a>...<\/a><\/li>\n\n\n\n<li><a href='?page_no=20990'>20990<\/a><\/li>\n\n\n\n<li><a href='?page_no=20991'>20991<\/a><\/li>\n\n\n\n<li class='active'><a>20992<\/a><\/li>\n\n\n\n<li><a href='?page_no=20993'>20993<\/a><\/li>\n\n\n\n<li><a href='?page_no=20994'>20994<\/a><\/li>\n\n\n\n<li><a>...<\/a><\/li>\n\n\n\n<li><a href='?page_no=36618'>36618<\/a><\/li>\n\n\n\n<li><a href='?page_no=36619'>36619<\/a><\/li>\n\n    \n\t\n\n<li >\n\t<a href='?page_no=20993'>Next<\/a>\n\t<\/li>\n\n\n    \n\n<li><a href='?page_no=36619'>Last &rsaquo;&rsaquo;<\/a><\/li>\n\n<\/ul>\n\n\n--><br \/>\n<\/body><\/p>\n","protected":false},"excerpt":{"rendered":"<p>Santo Domingo RD 13 abril.- La crisis p\u00fablica que enfrenta actualmente al Comit\u00e9 Ol\u00edmpico Dominicano y al Ministerio de Deportes podr\u00eda tomar un curso conciliatorio, luego que los dos principales ejecutivos sostuvieran una reuni\u00f3n el viernes por la ma\u00f1ana. El encuentro tuvo lugar temprano en la ma\u00f1ana de ayer en la sede del COD de [&hellip;]<\/p>\n","protected":false},"author":3,"featured_media":0,"comment_status":"open","ping_status":"open","sticky":false,"template":"","format":"standard","meta":{"footnotes":""},"categories":[17],"tags":[],"class_list":["post-213882","post","type-post","status-publish","format-standard","hentry","category-deportes"],"_links":{"self":[{"href":"https:\/\/diariodominicano.com\/index.php?rest_route=\/wp\/v2\/posts\/213882","targetHints":{"allow":["GET"]}}],"collection":[{"href":"https:\/\/diariodominicano.com\/index.php?rest_route=\/wp\/v2\/posts"}],"about":[{"href":"https:\/\/diariodominicano.com\/index.php?rest_route=\/wp\/v2\/types\/post"}],"author":[{"embeddable":true,"href":"https:\/\/diariodominicano.com\/index.php?rest_route=\/wp\/v2\/users\/3"}],"replies":[{"embeddable":true,"href":"https:\/\/diariodominicano.com\/index.php?rest_route=%2Fwp%2Fv2%2Fcomments&post=213882"}],"version-history":[{"count":0,"href":"https:\/\/diariodominicano.com\/index.php?rest_route=\/wp\/v2\/posts\/213882\/revisions"}],"wp:attachment":[{"href":"https:\/\/diariodominicano.com\/index.php?rest_route=%2Fwp%2Fv2%2Fmedia&parent=213882"}],"wp:term":[{"taxonomy":"category","embeddable":true,"href":"https:\/\/diariodominicano.com\/index.php?rest_route=%2Fwp%2Fv2%2Fcategories&post=213882"},{"taxonomy":"post_tag","embeddable":true,"href":"https:\/\/diariodominicano.com\/index.php?rest_route=%2Fwp%2Fv2%2Ftags&post=213882"}],"curies":[{"name":"wp","href":"https:\/\/api.w.org\/{rel}","templated":true}]}}