{"id":213871,"date":"2013-04-14T12:22:23","date_gmt":"2013-04-14T12:22:23","guid":{"rendered":"http:\/\/diariodominicano.ddns.net\/?p=213871"},"modified":"2013-04-14T12:22:23","modified_gmt":"2013-04-14T12:22:23","slug":"califica-de-trascendental-para-el-futbol-dominicano-la-visita-de-joseph-blatter-a-la-rd","status":"publish","type":"post","link":"https:\/\/diariodominicano.com\/?p=213871","title":{"rendered":"Califica de trascendental para el f\u00fatbol dominicano la visita de Joseph Blatter a la RD"},"content":{"rendered":"<p><body><\/p>\n<p><span class=\"text1noticias\">Santo Domingo, RD, 14 de Abril.-El presidente de la Federaci\u00f3n Dominicana de F\u00fatbol (Fedof\u00fatbol), ingeniero Osiris Guzm\u00e1n calific\u00f3 de trascendental e hist\u00f3rica la visita del presidente de la Federaci\u00f3n Internacional de F\u00fatbol Asociados (FIFA), Joseph Blatter a la Rep\u00fablica Dominicana.<\/span><\/p>\n<p><span class=\"text1noticias\"> <\/span><\/p>\n<p><span class=\"text1noticias\">Guzm\u00e1n se\u00f1al\u00f3 que reina una gran fiesta y j\u00fabilo en la familia futbol\u00edstica dominicana y que esta visita de Blatter contribuye con el fomento y la masificaci\u00f3n del f\u00fatbol en este pa\u00eds, el cual ha venido logrando subir de categor\u00eda en el ranking mundial<\/span><\/p>\n<p><span class=\"text1noticias\"> <\/span><\/p>\n<p><span class=\"text1noticias\">Signific\u00f3 que en su visita y en su apretada agenda que desarrolla el m\u00e1ximo representante del f\u00fatbol mundial contempla dejar inaugurado el Estadio Panamericano en la ciudad de San Crist\u00f3bal y ser\u00e1 recibido por el presidente Danilo Medina.<\/span><\/p>\n<p><span class=\"text1noticias\"> <\/span><\/p>\n<p><span class=\"text1noticias\">El  presidente de la Federaci\u00f3n Dominicana de F\u00fatbol sostuvo que Blatter ser\u00e1 recibido este domingo aqu\u00ed por los ejecutivos de la Federaci\u00f3n Dominicana de F\u00fatbol y  este mismo d\u00eda sostendr\u00e1 una reuni\u00f3n privada en un hotel de esta capital.<\/span><\/p>\n<p><span class=\"text1noticias\"> <\/span><\/p>\n<p><span class=\"text1noticias\">Precisa que el lunes venidero  a las 8:00 de la ma\u00f1ana sostendr\u00e1 un almuerzo al que asistir\u00e1n diplom\u00e1ticos de varias embajadas acreditas en el pa\u00eds, empresarios y un selecto grupo de personalidades en el hotel El  Embajador.<\/span><\/p>\n<p><span class=\"text1noticias\"> <\/span><\/p>\n<p><span class=\"text1noticias\">Agrega que a  media ma\u00f1ana  est\u00e1 prevista la visita al presidente Danilo Medina, mientras que a las once  se tiene previsto realizar un acto para dejar iniciado un Complejo de futsal en el Proyecto Goal que funciona en San Crist\u00f3bal.<\/span><\/p>\n<p><span class=\"text1noticias\"> <\/span><\/p>\n<p><span class=\"text1noticias\">Signific\u00f3 que a  la una de la tarde  se realizar\u00e1 un acto de la inauguraci\u00f3n del Estadio Panamericano de F\u00fatbol, en la ciudad de San Crist\u00f3bal y luego se llevar\u00e1 a cabo  un encuentro con la prensa.<\/span><\/p>\n<p><span class=\"text1noticias\"> <\/span><\/p>\n<p><span class=\"text1noticias\">El m\u00e1ximo representante del f\u00fatbol dominicano se\u00f1al\u00f3 que luego de  Blatter agotar la agenda en el pa\u00eds viajar\u00e1 al hermano pa\u00eds de Hait\u00ed, donde tambi\u00e9n tiene  programado agotar una apretada agenda.(HG)<\/span>.<\/p>\n<h6> 2013-04-14 12:22:23 <\/h6>\n<p><!--\n<link rel=\"stylesheet\" href=\"css\/bootstrap.min.css\">\n\n\n<ul class=\"pagination\">\n\t    \n\t\n\n<li >\n\t<a href='?page_no=20980'>Previous<\/a>\n\t<\/li>\n\n\n       \n    \n\n<li><a href='?page_no=1'>1<\/a><\/li>\n\n\n\n<li><a href='?page_no=2'>2<\/a><\/li>\n\n\n\n<li><a>...<\/a><\/li>\n\n\n\n<li><a href='?page_no=20979'>20979<\/a><\/li>\n\n\n\n<li><a href='?page_no=20980'>20980<\/a><\/li>\n\n\n\n<li class='active'><a>20981<\/a><\/li>\n\n\n\n<li><a href='?page_no=20982'>20982<\/a><\/li>\n\n\n\n<li><a href='?page_no=20983'>20983<\/a><\/li>\n\n\n\n<li><a>...<\/a><\/li>\n\n\n\n<li><a href='?page_no=36618'>36618<\/a><\/li>\n\n\n\n<li><a href='?page_no=36619'>36619<\/a><\/li>\n\n    \n\t\n\n<li >\n\t<a href='?page_no=20982'>Next<\/a>\n\t<\/li>\n\n\n    \n\n<li><a href='?page_no=36619'>Last &rsaquo;&rsaquo;<\/a><\/li>\n\n<\/ul>\n\n\n--><br \/>\n<\/body><\/p>\n","protected":false},"excerpt":{"rendered":"<p>Santo Domingo, RD, 14 de Abril.-El presidente de la Federaci\u00f3n Dominicana de F\u00fatbol (Fedof\u00fatbol), ingeniero Osiris Guzm\u00e1n calific\u00f3 de trascendental e hist\u00f3rica la visita del presidente de la Federaci\u00f3n Internacional de F\u00fatbol Asociados (FIFA), Joseph Blatter a la Rep\u00fablica Dominicana. Guzm\u00e1n se\u00f1al\u00f3 que reina una gran fiesta y j\u00fabilo en la familia futbol\u00edstica dominicana y [&hellip;]<\/p>\n","protected":false},"author":3,"featured_media":0,"comment_status":"open","ping_status":"open","sticky":false,"template":"","format":"standard","meta":{"footnotes":""},"categories":[17],"tags":[],"class_list":["post-213871","post","type-post","status-publish","format-standard","hentry","category-deportes"],"_links":{"self":[{"href":"https:\/\/diariodominicano.com\/index.php?rest_route=\/wp\/v2\/posts\/213871","targetHints":{"allow":["GET"]}}],"collection":[{"href":"https:\/\/diariodominicano.com\/index.php?rest_route=\/wp\/v2\/posts"}],"about":[{"href":"https:\/\/diariodominicano.com\/index.php?rest_route=\/wp\/v2\/types\/post"}],"author":[{"embeddable":true,"href":"https:\/\/diariodominicano.com\/index.php?rest_route=\/wp\/v2\/users\/3"}],"replies":[{"embeddable":true,"href":"https:\/\/diariodominicano.com\/index.php?rest_route=%2Fwp%2Fv2%2Fcomments&post=213871"}],"version-history":[{"count":0,"href":"https:\/\/diariodominicano.com\/index.php?rest_route=\/wp\/v2\/posts\/213871\/revisions"}],"wp:attachment":[{"href":"https:\/\/diariodominicano.com\/index.php?rest_route=%2Fwp%2Fv2%2Fmedia&parent=213871"}],"wp:term":[{"taxonomy":"category","embeddable":true,"href":"https:\/\/diariodominicano.com\/index.php?rest_route=%2Fwp%2Fv2%2Fcategories&post=213871"},{"taxonomy":"post_tag","embeddable":true,"href":"https:\/\/diariodominicano.com\/index.php?rest_route=%2Fwp%2Fv2%2Ftags&post=213871"}],"curies":[{"name":"wp","href":"https:\/\/api.w.org\/{rel}","templated":true}]}}