{"id":213870,"date":"2013-04-14T12:25:00","date_gmt":"2013-04-14T12:25:00","guid":{"rendered":"http:\/\/diariodominicano.ddns.net\/?p=213870"},"modified":"2013-04-14T12:25:00","modified_gmt":"2013-04-14T12:25:00","slug":"waldis-veras-clasifica-primero-en-el-inicio-de-la-1era-fecha-del-campeonato-nacional-de-motociclismo","status":"publish","type":"post","link":"https:\/\/diariodominicano.com\/?p=213870","title":{"rendered":"Waldis Veras clasifica primero en el inicio de la 1era. Fecha del Campeonato Nacional de Motociclismo"},"content":{"rendered":"<p><body><\/p>\n<p><img decoding=\"async\" src=\"img3\/Waldis.JPG\" \/><br \/><img decoding=\"async\" src=\"img3\/Rainier.JPG\" \/><br \/><img decoding=\"async\" src=\"http:\/\/localhost:8080\/img3\/Persio.JPG\" \/>  <\/p>\n<p><span class=\"text1noticias\">Santo Domingo, RD, 14 de Abril.-Waldis Veras actual campe\u00f3n de la m\u00e1xima categor\u00eda Super Bike, clasific\u00f3 primero siendo el m\u00e1s r\u00e1pido de los pilotos que ver\u00e1n en acci\u00f3n este domingo 14 de abril en la 1era. Fecha del Campeonato Nacional de Motociclismo a celebrarse en el Aut\u00f3dromo Mobil 1.<\/span><\/p>\n<\/p>\n<p><span class=\"text1noticias\">Veras tuvo que emplearse a fondo para dominar a sus adversarios de la m\u00e1xima categor\u00eda y justo en los \u00faltimos minutos de la clasificaci\u00f3n logro marcar su mejor tiempo de 1:18.03 obteniendo la posici\u00f3n de largada de la categor\u00eda Super Bike. La segunda posici\u00f3n correspondi\u00f3 Angel Cruz quien registro tiempo de 1:18.65, mientras que Emilio Pe\u00f1a \u00abLa Fuerza\u00bb  par\u00f3 el reloj en 1:18.85 para ocupar la tercera, Enmanuel Then  se qued\u00f3 con la cuarta posici\u00f3n con tiempo de 1:19.35<\/span><\/p>\n<\/p>\n<p><span class=\"text1noticias\">Rainier Toribio, sorprendi\u00f3 a los pilotos de la Supersport 600 alz\u00e1ndose con la primera posici\u00f3n parando el reloj en 1:22.53 seguido muy de cerca de Radhames Polanco el cual marc\u00f3 tiempo de 1:22.73, la tercera posici\u00f3n correspondi\u00f3 a  Amaurys Sosa con tiempo de 1:23.19, la cuarta posici\u00f3n la obtuvo El Cubano Nirio Rivero, parando el reloj en 1:23.70.<\/span><\/p>\n<\/p>\n<p><span class=\"text1noticias\">El debutante Persio L\u00f3pez, dejo asombrados  a los pilotos de la categor\u00eda Pro Bike (antigua Pre Experto) marcando el mejor tiempo de la categor\u00eda al parar el reloj en 1:19.88  siendo el m\u00e1s r\u00e1pido de todos en la competitiva de esta categor\u00eda que alineara 12 pilotos en el inicio del campeonato, la segunda posici\u00f3n correspondi\u00f3 al campe\u00f3n de la categor\u00eda, Wellington Cabrera con tiempo de 1:20.46 dejando en la tercera posici\u00f3n a Riner L\u00f3pez que registr\u00f3 tiempo de 1:21.54<\/span><\/p>\n<\/p>\n<p><span class=\"text1noticias\">El prometedor joven piloto de Wayne Veras Clasific\u00f3 primero en la categor\u00eda Amateur parando el reloj en 1:19.66 siendo el m\u00e1s r\u00e1pido en esta categor\u00eda,  La segunda posici\u00f3n correspondi\u00f3 a Edwin Bautista parando el reloj en 1:22.89 dejando a Rainier Toribio en la tercera posici\u00f3n registrando tiempo de 1:23.02.<\/span><\/p>\n<\/p>\n<p><span class=\"text1noticias\">El evento iniciara a las 11:00 de la ma\u00f1ana con la participaci\u00f3n de m\u00e1s de cien pilotos de todo el pa\u00eds junto a los invitados de Cuba, Puerto Rico y Espa\u00f1a. Adem\u00e1s de las acciones del motociclismo el evento contara con una masiva exhibici\u00f3n de Bikers y entusiastas de la marca Harley Davidson quienes estar\u00e1n exhibiendo sus bellas maquinas durante la jornada del d\u00eda.(HG)<\/span>.<\/p>\n<h6> 2013-04-14 12:25:00 <\/h6>\n<p><!--\n<link rel=\"stylesheet\" href=\"css\/bootstrap.min.css\">\n\n\n<ul class=\"pagination\">\n\t    \n\t\n\n<li >\n\t<a href='?page_no=20979'>Previous<\/a>\n\t<\/li>\n\n\n       \n    \n\n<li><a href='?page_no=1'>1<\/a><\/li>\n\n\n\n<li><a href='?page_no=2'>2<\/a><\/li>\n\n\n\n<li><a>...<\/a><\/li>\n\n\n\n<li><a href='?page_no=20978'>20978<\/a><\/li>\n\n\n\n<li><a href='?page_no=20979'>20979<\/a><\/li>\n\n\n\n<li class='active'><a>20980<\/a><\/li>\n\n\n\n<li><a href='?page_no=20981'>20981<\/a><\/li>\n\n\n\n<li><a href='?page_no=20982'>20982<\/a><\/li>\n\n\n\n<li><a>...<\/a><\/li>\n\n\n\n<li><a href='?page_no=36618'>36618<\/a><\/li>\n\n\n\n<li><a href='?page_no=36619'>36619<\/a><\/li>\n\n    \n\t\n\n<li >\n\t<a href='?page_no=20981'>Next<\/a>\n\t<\/li>\n\n\n    \n\n<li><a href='?page_no=36619'>Last &rsaquo;&rsaquo;<\/a><\/li>\n\n<\/ul>\n\n\n--><br \/>\n<\/body><\/p>\n","protected":false},"excerpt":{"rendered":"<p>Santo Domingo, RD, 14 de Abril.-Waldis Veras actual campe\u00f3n de la m\u00e1xima categor\u00eda Super Bike, clasific\u00f3 primero siendo el m\u00e1s r\u00e1pido de los pilotos que ver\u00e1n en acci\u00f3n este domingo 14 de abril en la 1era. Fecha del Campeonato Nacional de Motociclismo a celebrarse en el Aut\u00f3dromo Mobil 1. Veras tuvo que emplearse a fondo [&hellip;]<\/p>\n","protected":false},"author":3,"featured_media":0,"comment_status":"open","ping_status":"open","sticky":false,"template":"","format":"standard","meta":{"footnotes":""},"categories":[17],"tags":[],"class_list":["post-213870","post","type-post","status-publish","format-standard","hentry","category-deportes"],"_links":{"self":[{"href":"https:\/\/diariodominicano.com\/index.php?rest_route=\/wp\/v2\/posts\/213870","targetHints":{"allow":["GET"]}}],"collection":[{"href":"https:\/\/diariodominicano.com\/index.php?rest_route=\/wp\/v2\/posts"}],"about":[{"href":"https:\/\/diariodominicano.com\/index.php?rest_route=\/wp\/v2\/types\/post"}],"author":[{"embeddable":true,"href":"https:\/\/diariodominicano.com\/index.php?rest_route=\/wp\/v2\/users\/3"}],"replies":[{"embeddable":true,"href":"https:\/\/diariodominicano.com\/index.php?rest_route=%2Fwp%2Fv2%2Fcomments&post=213870"}],"version-history":[{"count":0,"href":"https:\/\/diariodominicano.com\/index.php?rest_route=\/wp\/v2\/posts\/213870\/revisions"}],"wp:attachment":[{"href":"https:\/\/diariodominicano.com\/index.php?rest_route=%2Fwp%2Fv2%2Fmedia&parent=213870"}],"wp:term":[{"taxonomy":"category","embeddable":true,"href":"https:\/\/diariodominicano.com\/index.php?rest_route=%2Fwp%2Fv2%2Fcategories&post=213870"},{"taxonomy":"post_tag","embeddable":true,"href":"https:\/\/diariodominicano.com\/index.php?rest_route=%2Fwp%2Fv2%2Ftags&post=213870"}],"curies":[{"name":"wp","href":"https:\/\/api.w.org\/{rel}","templated":true}]}}