{"id":213860,"date":"2013-04-15T19:04:56","date_gmt":"2013-04-15T19:04:56","guid":{"rendered":"http:\/\/diariodominicano.ddns.net\/?p=213860"},"modified":"2013-04-15T19:04:56","modified_gmt":"2013-04-15T19:04:56","slug":"emilio-pena-gana-el-primer-lugar-de-la-maxima-categoria","status":"publish","type":"post","link":"https:\/\/diariodominicano.com\/?p=213860","title":{"rendered":"Emilio Pe\u00f1a gana el primer lugar de la m\u00e1xima categor\u00eda&#13;&#13;"},"content":{"rendered":"<p><body><\/p>\n<p><img decoding=\"async\" src=\"http:\/\/localhost:8080\/img3\/emilio.JPG\" \/>  <\/p>\n<p><span class=\"text1noticias\">Santo Domingo, 15 de abril.- Emilio Pe\u00f1a se impuso en la m\u00e1xima categor\u00eda SuperBike al ganar el evento del d\u00eda de hoy, en la 1era. fecha del Campeonato Nacional de Motociclismo, celebrado en el Aut\u00f3dromo Mobil 1, donde m\u00e1s de mil fan\u00e1ticos vivieron la emoci\u00f3n de cerca del inicio de Campeonato.<\/span><\/p>\n<\/p>\n<p><span class=\"text1noticias\">Pe\u00f1aconsigui\u00f3 la victoria antes sus adversarios, mientras que Waldis Veras que se mantuvo en persecuci\u00f3n logr\u00f3 ubicarse en el segundo lugar del p\u00f3dium de premiaci\u00f3n,quedando tercero el cubano Manolo Angles.El p\u00fablico pudo disfrutar de una aguerrida competencia entre estos tres pilotos.<\/span><\/p>\n<\/p>\n<p><span class=\"text1noticias\">Radham\u00e9s Polanco \u00abEl Pewee\u00bb impuso sus habilidades en la categor\u00eda SuperSport 600cc, donde Waldis Veras tambi\u00e9n se adue\u00f1\u00f3 del segundo lugar, dejando aRainier Toribio en la tercera posici\u00f3n.<\/span><\/p>\n<\/p>\n<p><span class=\"text1noticias\">En la categor\u00eda Pro Bike Persio L\u00f3pez logr\u00f3 la primera posici\u00f3n imponi\u00e9ndose anteRiner L\u00f3pez que obtuvo el segundo lugar, yErick Santosqued\u00f3 tercero.<\/span><\/p>\n<\/p>\n<p><span class=\"text1noticias\">Por su parte en la categor\u00eda Amateur,Edward Espinal se convirti\u00f3 en el ganador y Rainier Toribio subi\u00f3 nuevamente al p\u00f3dium de premiaci\u00f3n con un segundo lugar, mientras Wayne Veras ocup\u00f3 la tercera posici\u00f3n.(HG)<\/span>.<\/p>\n<h6> 2013-04-15 19:04:56 <\/h6>\n<p><!--\n<link rel=\"stylesheet\" href=\"css\/bootstrap.min.css\">\n\n\n<ul class=\"pagination\">\n\t    \n\t\n\n<li >\n\t<a href='?page_no=20969'>Previous<\/a>\n\t<\/li>\n\n\n       \n    \n\n<li><a href='?page_no=1'>1<\/a><\/li>\n\n\n\n<li><a href='?page_no=2'>2<\/a><\/li>\n\n\n\n<li><a>...<\/a><\/li>\n\n\n\n<li><a href='?page_no=20968'>20968<\/a><\/li>\n\n\n\n<li><a href='?page_no=20969'>20969<\/a><\/li>\n\n\n\n<li class='active'><a>20970<\/a><\/li>\n\n\n\n<li><a href='?page_no=20971'>20971<\/a><\/li>\n\n\n\n<li><a href='?page_no=20972'>20972<\/a><\/li>\n\n\n\n<li><a>...<\/a><\/li>\n\n\n\n<li><a href='?page_no=36618'>36618<\/a><\/li>\n\n\n\n<li><a href='?page_no=36619'>36619<\/a><\/li>\n\n    \n\t\n\n<li >\n\t<a href='?page_no=20971'>Next<\/a>\n\t<\/li>\n\n\n    \n\n<li><a href='?page_no=36619'>Last &rsaquo;&rsaquo;<\/a><\/li>\n\n<\/ul>\n\n\n--><br \/>\n<\/body><\/p>\n","protected":false},"excerpt":{"rendered":"<p>Santo Domingo, 15 de abril.- Emilio Pe\u00f1a se impuso en la m\u00e1xima categor\u00eda SuperBike al ganar el evento del d\u00eda de hoy, en la 1era. fecha del Campeonato Nacional de Motociclismo, celebrado en el Aut\u00f3dromo Mobil 1, donde m\u00e1s de mil fan\u00e1ticos vivieron la emoci\u00f3n de cerca del inicio de Campeonato. Pe\u00f1aconsigui\u00f3 la victoria antes [&hellip;]<\/p>\n","protected":false},"author":3,"featured_media":0,"comment_status":"open","ping_status":"open","sticky":false,"template":"","format":"standard","meta":{"footnotes":""},"categories":[17],"tags":[],"class_list":["post-213860","post","type-post","status-publish","format-standard","hentry","category-deportes"],"_links":{"self":[{"href":"https:\/\/diariodominicano.com\/index.php?rest_route=\/wp\/v2\/posts\/213860","targetHints":{"allow":["GET"]}}],"collection":[{"href":"https:\/\/diariodominicano.com\/index.php?rest_route=\/wp\/v2\/posts"}],"about":[{"href":"https:\/\/diariodominicano.com\/index.php?rest_route=\/wp\/v2\/types\/post"}],"author":[{"embeddable":true,"href":"https:\/\/diariodominicano.com\/index.php?rest_route=\/wp\/v2\/users\/3"}],"replies":[{"embeddable":true,"href":"https:\/\/diariodominicano.com\/index.php?rest_route=%2Fwp%2Fv2%2Fcomments&post=213860"}],"version-history":[{"count":0,"href":"https:\/\/diariodominicano.com\/index.php?rest_route=\/wp\/v2\/posts\/213860\/revisions"}],"wp:attachment":[{"href":"https:\/\/diariodominicano.com\/index.php?rest_route=%2Fwp%2Fv2%2Fmedia&parent=213860"}],"wp:term":[{"taxonomy":"category","embeddable":true,"href":"https:\/\/diariodominicano.com\/index.php?rest_route=%2Fwp%2Fv2%2Fcategories&post=213860"},{"taxonomy":"post_tag","embeddable":true,"href":"https:\/\/diariodominicano.com\/index.php?rest_route=%2Fwp%2Fv2%2Ftags&post=213860"}],"curies":[{"name":"wp","href":"https:\/\/api.w.org\/{rel}","templated":true}]}}