{"id":213859,"date":"2013-04-15T19:16:47","date_gmt":"2013-04-15T19:16:47","guid":{"rendered":"http:\/\/diariodominicano.ddns.net\/?p=213859"},"modified":"2013-04-15T19:16:47","modified_gmt":"2013-04-15T19:16:47","slug":"presidente-de-la-fifa-sugiere-impulsar-el-futbol-en-las-escuelas-y-la-zona-fronteriza","status":"publish","type":"post","link":"https:\/\/diariodominicano.com\/?p=213859","title":{"rendered":"Presidente de la FIFA sugiere impulsar el f\u00fatbol en las escuelas y la zona fronteriza"},"content":{"rendered":"<p><body><\/p>\n<p><img decoding=\"async\" src=\"img3\/fifa.jpg\" \/>  <\/p>\n<p><span class=\"text1noticias\">Santo Domingo, RD, 15 de Abril.-El presidente Danilo Medina recibi\u00f3 en su despacho de esta Lunes  al presidente de la Federaci\u00f3n Internacional de F\u00fatbol (FIFA), Joseph S. Blatter, a quien le plante\u00f3 la necesidad de impulsar esa disciplina deportiva en las escuelas del pa\u00eds y desarrollar su pr\u00e1ctica en la zona fronteriza.<\/span><\/p>\n<\/p>\n<p><span class=\"text1noticias\">Luego del encuentro con el jefe del Estado, el ministro de Deportes, Jaime David Fern\u00e1ndez Mirabal, ofreci\u00f3 la informaci\u00f3n en el Sal\u00f3n Orlando Mart\u00ednez, y al mismo tiempo afirm\u00f3 que es uno de los objetivos que el Presidente Medina resalt\u00f3, la capacitaci\u00f3n t\u00e9cnica  en el desarrollo del f\u00fatbol, as\u00ed como el fortalecimiento de su rama femenina.<\/span><\/p>\n<\/p>\n<p><span class=\"text1noticias\">\u00abEl presidente Danilo Medina le plante\u00f3 nuestra prioridad de impulsar cada vez m\u00e1s, el f\u00fatbol en las escuelas, dentro del Programa Escuela y Deporte, que es una prioridad para la Federaci\u00f3n de F\u00fatbol tambi\u00e9n y especialmente desarrollar el f\u00fatbol en la zona fronteriza y que se pueda beneficiar a la poblaci\u00f3n dominicana y a la haitiana\u00bb, expres\u00f3 Fern\u00e1ndez Mirabal.<\/span><\/p>\n<\/p>\n<p><span class=\"text1noticias\">Mientras Blatter dijo que espera que en la Rep\u00fablica Dominicana, el f\u00fatbol alcance los niveles que tiene en otros pa\u00edses, lo que a su entender, es un gran desaf\u00edo y felicit\u00f3 al presidente Medina por la disposici\u00f3n de llevar a las escuelas este deporte.<\/span><\/p>\n<\/p>\n<p><span class=\"text1noticias\">\u00abEl f\u00fatbol es un deporte que disciplina y quiero felicitar al se\u00f1or Presidente por tener esa visi\u00f3n para la juventud de su pa\u00eds\u00bb, puntualiz\u00f3.<\/span><\/p>\n<\/p>\n<p><span class=\"text1noticias\">Joseph S. Blatter estuvo acompa\u00f1ado en su visita al Primer Mandatario, del presidente de la Confederaci\u00f3n de F\u00fatbol de Norte, Centroam\u00e9rica y el Caribe (Concacaf), y del secretario de la FIFA Jerme Valcke.<\/span><\/p>\n<\/p>\n<p><span class=\"text1noticias\">Adem\u00e1s del ministro de Deportes, Jaime David Fern\u00e1ndez Mirabal, estuvieron presentes en el encuentro con el presidente Medina, el presidente del Comit\u00e9 Ol\u00edmpico Dominicano, Luis\u00edn Mej\u00eda,  el viceministro de Deportes, Marcos D\u00edaz y el presidente de la Federaci\u00f3n Dominicana de F\u00fatbol, Osiris Guzm\u00e1n.<\/span><\/p>\n<\/p>\n<p><span class=\"text1noticias\">En su agenda, el presidente de la FIFA inaugurar\u00e1 el Proyecto Goal 3, que contempla la renovaci\u00f3n del Estadio Panamericano y se iniciar\u00e1n los trabajos de una nueva pista de f\u00fatbol en San Crist\u00f3bal<\/span>.<\/p>\n<h6> 2013-04-15 19:16:47 <\/h6>\n<p><!--\n<link rel=\"stylesheet\" href=\"css\/bootstrap.min.css\">\n\n\n<ul class=\"pagination\">\n\t    \n\t\n\n<li >\n\t<a href='?page_no=20968'>Previous<\/a>\n\t<\/li>\n\n\n       \n    \n\n<li><a href='?page_no=1'>1<\/a><\/li>\n\n\n\n<li><a href='?page_no=2'>2<\/a><\/li>\n\n\n\n<li><a>...<\/a><\/li>\n\n\n\n<li><a href='?page_no=20967'>20967<\/a><\/li>\n\n\n\n<li><a href='?page_no=20968'>20968<\/a><\/li>\n\n\n\n<li class='active'><a>20969<\/a><\/li>\n\n\n\n<li><a href='?page_no=20970'>20970<\/a><\/li>\n\n\n\n<li><a href='?page_no=20971'>20971<\/a><\/li>\n\n\n\n<li><a>...<\/a><\/li>\n\n\n\n<li><a href='?page_no=36618'>36618<\/a><\/li>\n\n\n\n<li><a href='?page_no=36619'>36619<\/a><\/li>\n\n    \n\t\n\n<li >\n\t<a href='?page_no=20970'>Next<\/a>\n\t<\/li>\n\n\n    \n\n<li><a href='?page_no=36619'>Last &rsaquo;&rsaquo;<\/a><\/li>\n\n<\/ul>\n\n\n--><br \/>\n<\/body><\/p>\n","protected":false},"excerpt":{"rendered":"<p>Santo Domingo, RD, 15 de Abril.-El presidente Danilo Medina recibi\u00f3 en su despacho de esta Lunes al presidente de la Federaci\u00f3n Internacional de F\u00fatbol (FIFA), Joseph S. Blatter, a quien le plante\u00f3 la necesidad de impulsar esa disciplina deportiva en las escuelas del pa\u00eds y desarrollar su pr\u00e1ctica en la zona fronteriza. Luego del encuentro [&hellip;]<\/p>\n","protected":false},"author":3,"featured_media":0,"comment_status":"open","ping_status":"open","sticky":false,"template":"","format":"standard","meta":{"footnotes":""},"categories":[17],"tags":[],"class_list":["post-213859","post","type-post","status-publish","format-standard","hentry","category-deportes"],"_links":{"self":[{"href":"https:\/\/diariodominicano.com\/index.php?rest_route=\/wp\/v2\/posts\/213859","targetHints":{"allow":["GET"]}}],"collection":[{"href":"https:\/\/diariodominicano.com\/index.php?rest_route=\/wp\/v2\/posts"}],"about":[{"href":"https:\/\/diariodominicano.com\/index.php?rest_route=\/wp\/v2\/types\/post"}],"author":[{"embeddable":true,"href":"https:\/\/diariodominicano.com\/index.php?rest_route=\/wp\/v2\/users\/3"}],"replies":[{"embeddable":true,"href":"https:\/\/diariodominicano.com\/index.php?rest_route=%2Fwp%2Fv2%2Fcomments&post=213859"}],"version-history":[{"count":0,"href":"https:\/\/diariodominicano.com\/index.php?rest_route=\/wp\/v2\/posts\/213859\/revisions"}],"wp:attachment":[{"href":"https:\/\/diariodominicano.com\/index.php?rest_route=%2Fwp%2Fv2%2Fmedia&parent=213859"}],"wp:term":[{"taxonomy":"category","embeddable":true,"href":"https:\/\/diariodominicano.com\/index.php?rest_route=%2Fwp%2Fv2%2Fcategories&post=213859"},{"taxonomy":"post_tag","embeddable":true,"href":"https:\/\/diariodominicano.com\/index.php?rest_route=%2Fwp%2Fv2%2Ftags&post=213859"}],"curies":[{"name":"wp","href":"https:\/\/api.w.org\/{rel}","templated":true}]}}