{"id":213858,"date":"2013-04-15T19:23:24","date_gmt":"2013-04-15T19:23:24","guid":{"rendered":"http:\/\/diariodominicano.ddns.net\/?p=213858"},"modified":"2013-04-15T19:23:24","modified_gmt":"2013-04-15T19:23:24","slug":"senador-galan-agradece-a-la-fifa-construccion-de-cancha-para-futbol-de-salon","status":"publish","type":"post","link":"https:\/\/diariodominicano.com\/?p=213858","title":{"rendered":"Senador Gal\u00e1n agradece a la FIFA construcci\u00f3n de cancha para f\u00fatbol de sal\u00f3n"},"content":{"rendered":"<p><body><\/p>\n<p><img decoding=\"async\" src=\"http:\/\/localhost:8080\/img3\/senador.JPG\" \/>  <\/p>\n<p><span class=\"text1noticias\">Santo Domingo, RD, 15 de Abril.-El senador Tommy Gal\u00e1n resalt\u00f3 que la Federaci\u00f3n Internacional de F\u00fatbol Aficionado (FIFA), decidiera construir una cancha para la pr\u00e1ctica de f\u00fatbol de sal\u00f3n en esta provincia.<\/span><\/p>\n<\/p>\n<p><span class=\"text1noticias\">\u00abAcciones como \u00e9sa deben ser apoyadas por todos. En nombre de San Crist\u00f3bal damos las gracias a la FIFA por habernos tomado en cuenta para este nuevo proyecto\u00bb, se\u00f1al\u00f3 Gal\u00e1n.<\/span><\/p>\n<\/p>\n<p><span class=\"text1noticias\">Los trabajos fueron dejados iniciados por el presidente del organismo, Joseph Battler en el Proyecto Goal ubicado en la avenida Seis de Noviembre.<\/span><\/p>\n<\/p>\n<p><span class=\"text1noticias\">Battler dio el picazo acompa\u00f1ado del presidente de la CONCACAF, Jeffrey Webb, y el secretario general de la FIFA, Jerome Valcke.<\/span><\/p>\n<\/p>\n<p><span class=\"text1noticias\">Tambi\u00e9n estuvo el titular de la Federaci\u00f3n Dominicana de F\u00fatbol, Osiris Guzm\u00e1n Gal\u00e1n y el diputado Nelson Guill\u00e9n, entre otros.(HG)<\/span>.<\/p>\n<h6> 2013-04-15 19:23:24 <\/h6>\n<p><!--\n<link rel=\"stylesheet\" href=\"css\/bootstrap.min.css\">\n\n\n<ul class=\"pagination\">\n\t    \n\t\n\n<li >\n\t<a href='?page_no=20967'>Previous<\/a>\n\t<\/li>\n\n\n       \n    \n\n<li><a href='?page_no=1'>1<\/a><\/li>\n\n\n\n<li><a href='?page_no=2'>2<\/a><\/li>\n\n\n\n<li><a>...<\/a><\/li>\n\n\n\n<li><a href='?page_no=20966'>20966<\/a><\/li>\n\n\n\n<li><a href='?page_no=20967'>20967<\/a><\/li>\n\n\n\n<li class='active'><a>20968<\/a><\/li>\n\n\n\n<li><a href='?page_no=20969'>20969<\/a><\/li>\n\n\n\n<li><a href='?page_no=20970'>20970<\/a><\/li>\n\n\n\n<li><a>...<\/a><\/li>\n\n\n\n<li><a href='?page_no=36618'>36618<\/a><\/li>\n\n\n\n<li><a href='?page_no=36619'>36619<\/a><\/li>\n\n    \n\t\n\n<li >\n\t<a href='?page_no=20969'>Next<\/a>\n\t<\/li>\n\n\n    \n\n<li><a href='?page_no=36619'>Last &rsaquo;&rsaquo;<\/a><\/li>\n\n<\/ul>\n\n\n--><br \/>\n<\/body><\/p>\n","protected":false},"excerpt":{"rendered":"<p>Santo Domingo, RD, 15 de Abril.-El senador Tommy Gal\u00e1n resalt\u00f3 que la Federaci\u00f3n Internacional de F\u00fatbol Aficionado (FIFA), decidiera construir una cancha para la pr\u00e1ctica de f\u00fatbol de sal\u00f3n en esta provincia. \u00abAcciones como \u00e9sa deben ser apoyadas por todos. En nombre de San Crist\u00f3bal damos las gracias a la FIFA por habernos tomado en [&hellip;]<\/p>\n","protected":false},"author":3,"featured_media":0,"comment_status":"open","ping_status":"open","sticky":false,"template":"","format":"standard","meta":{"footnotes":""},"categories":[17],"tags":[],"class_list":["post-213858","post","type-post","status-publish","format-standard","hentry","category-deportes"],"_links":{"self":[{"href":"https:\/\/diariodominicano.com\/index.php?rest_route=\/wp\/v2\/posts\/213858","targetHints":{"allow":["GET"]}}],"collection":[{"href":"https:\/\/diariodominicano.com\/index.php?rest_route=\/wp\/v2\/posts"}],"about":[{"href":"https:\/\/diariodominicano.com\/index.php?rest_route=\/wp\/v2\/types\/post"}],"author":[{"embeddable":true,"href":"https:\/\/diariodominicano.com\/index.php?rest_route=\/wp\/v2\/users\/3"}],"replies":[{"embeddable":true,"href":"https:\/\/diariodominicano.com\/index.php?rest_route=%2Fwp%2Fv2%2Fcomments&post=213858"}],"version-history":[{"count":0,"href":"https:\/\/diariodominicano.com\/index.php?rest_route=\/wp\/v2\/posts\/213858\/revisions"}],"wp:attachment":[{"href":"https:\/\/diariodominicano.com\/index.php?rest_route=%2Fwp%2Fv2%2Fmedia&parent=213858"}],"wp:term":[{"taxonomy":"category","embeddable":true,"href":"https:\/\/diariodominicano.com\/index.php?rest_route=%2Fwp%2Fv2%2Fcategories&post=213858"},{"taxonomy":"post_tag","embeddable":true,"href":"https:\/\/diariodominicano.com\/index.php?rest_route=%2Fwp%2Fv2%2Ftags&post=213858"}],"curies":[{"name":"wp","href":"https:\/\/api.w.org\/{rel}","templated":true}]}}