{"id":213850,"date":"2013-04-16T13:26:38","date_gmt":"2013-04-16T13:26:38","guid":{"rendered":"http:\/\/diariodominicano.ddns.net\/?p=213850"},"modified":"2013-04-16T13:26:38","modified_gmt":"2013-04-16T13:26:38","slug":"torpedero-de-toronto-jose-reyes-no-sera-operado-del-tobillo-izquierdo-visito-ayer-especialista","status":"publish","type":"post","link":"https:\/\/diariodominicano.com\/?p=213850","title":{"rendered":"Torpedero de Toronto Jos\u00e9 Reyes no ser\u00e1 operado del tobillo izquierdo; visit\u00f3 ayer especialista"},"content":{"rendered":"<p><body><\/p>\n<p>Toronto, Canad\u00e1 16 abril.- El paracorto de los Azulejos de Toronto, Jos\u00e9 Reyes no necesitar\u00e1 ser operado en su lesi\u00f3n en el tobillo izquierdo, empero a\u00fan as\u00ed perder\u00e1 tres meses de la campa\u00f1a, seg\u00fan lo expres\u00f3 el gerente general Alex Anthopoulos.<\/p>\n<\/p>\n<p>Reyes visit\u00f3 un especialista en Charlotte el lunes, quien le confirm\u00f3 el diagn\u00f3stico de lo severo de la lesi\u00f3n en el tobillo izquierdo.<\/p>\n<\/p>\n<p>Reyes se lesion\u00f3 mientras trataba de llegar a la intermedia en un partido celebrado el pasado viernes en Kansas City. El fue colocado en la lista de lesionados por quince d\u00cfas el pasado s\u00e1bado.<\/p>\n<\/p>\n<p>Anthopoulos dijo que Reyes andar\u00eda en muletas por unas dos semanas y entonces comenzar\u00e1 a dar pasos peque\u00f1os por unas dos semanas. Esto significa que no estar\u00e1 disponible para comenzar una rehabilitaci\u00f3n `por al menos un mes.<\/p>\n<\/p>\n<p>Adquirido procedente de Miami en un cambio que involucr\u00f3 a doce jugadores el pasado noviembre, el cuatro veces miembro del equipo Todos Estrellas estaba bateando para .395 con un jonr\u00f3n y cinco remolcadas.<\/p>\n<\/p>\n<p>El slugger de los Azulejos, el tambi\u00e9n dominicano Jos\u00e9 Bautista estuvo ausente de la alineaci\u00f3n abridora este lunes en un partido contra los medias Blancas con una molestia en la parte baja de la espalda. Bautista ha estado jugando en la antesala desde la lesi\u00dan de Reyes, pero se espera que retorne al prado derecho cuando retorne nuevamente a juego. <\/p>\n<h6> 2013-04-16 13:26:38 <\/h6>\n<p><!--\n<link rel=\"stylesheet\" href=\"css\/bootstrap.min.css\">\n\n\n<ul class=\"pagination\">\n\t    \n\t\n\n<li >\n\t<a href='?page_no=20959'>Previous<\/a>\n\t<\/li>\n\n\n       \n    \n\n<li><a href='?page_no=1'>1<\/a><\/li>\n\n\n\n<li><a href='?page_no=2'>2<\/a><\/li>\n\n\n\n<li><a>...<\/a><\/li>\n\n\n\n<li><a href='?page_no=20958'>20958<\/a><\/li>\n\n\n\n<li><a href='?page_no=20959'>20959<\/a><\/li>\n\n\n\n<li class='active'><a>20960<\/a><\/li>\n\n\n\n<li><a href='?page_no=20961'>20961<\/a><\/li>\n\n\n\n<li><a href='?page_no=20962'>20962<\/a><\/li>\n\n\n\n<li><a>...<\/a><\/li>\n\n\n\n<li><a href='?page_no=36618'>36618<\/a><\/li>\n\n\n\n<li><a href='?page_no=36619'>36619<\/a><\/li>\n\n    \n\t\n\n<li >\n\t<a href='?page_no=20961'>Next<\/a>\n\t<\/li>\n\n\n    \n\n<li><a href='?page_no=36619'>Last &rsaquo;&rsaquo;<\/a><\/li>\n\n<\/ul>\n\n\n--><br \/>\n<\/body><\/p>\n","protected":false},"excerpt":{"rendered":"<p>Toronto, Canad\u00e1 16 abril.- El paracorto de los Azulejos de Toronto, Jos\u00e9 Reyes no necesitar\u00e1 ser operado en su lesi\u00f3n en el tobillo izquierdo, empero a\u00fan as\u00ed perder\u00e1 tres meses de la campa\u00f1a, seg\u00fan lo expres\u00f3 el gerente general Alex Anthopoulos. Reyes visit\u00f3 un especialista en Charlotte el lunes, quien le confirm\u00f3 el diagn\u00f3stico de [&hellip;]<\/p>\n","protected":false},"author":3,"featured_media":0,"comment_status":"open","ping_status":"open","sticky":false,"template":"","format":"standard","meta":{"footnotes":""},"categories":[17],"tags":[],"class_list":["post-213850","post","type-post","status-publish","format-standard","hentry","category-deportes"],"_links":{"self":[{"href":"https:\/\/diariodominicano.com\/index.php?rest_route=\/wp\/v2\/posts\/213850","targetHints":{"allow":["GET"]}}],"collection":[{"href":"https:\/\/diariodominicano.com\/index.php?rest_route=\/wp\/v2\/posts"}],"about":[{"href":"https:\/\/diariodominicano.com\/index.php?rest_route=\/wp\/v2\/types\/post"}],"author":[{"embeddable":true,"href":"https:\/\/diariodominicano.com\/index.php?rest_route=\/wp\/v2\/users\/3"}],"replies":[{"embeddable":true,"href":"https:\/\/diariodominicano.com\/index.php?rest_route=%2Fwp%2Fv2%2Fcomments&post=213850"}],"version-history":[{"count":0,"href":"https:\/\/diariodominicano.com\/index.php?rest_route=\/wp\/v2\/posts\/213850\/revisions"}],"wp:attachment":[{"href":"https:\/\/diariodominicano.com\/index.php?rest_route=%2Fwp%2Fv2%2Fmedia&parent=213850"}],"wp:term":[{"taxonomy":"category","embeddable":true,"href":"https:\/\/diariodominicano.com\/index.php?rest_route=%2Fwp%2Fv2%2Fcategories&post=213850"},{"taxonomy":"post_tag","embeddable":true,"href":"https:\/\/diariodominicano.com\/index.php?rest_route=%2Fwp%2Fv2%2Ftags&post=213850"}],"curies":[{"name":"wp","href":"https:\/\/api.w.org\/{rel}","templated":true}]}}