{"id":213849,"date":"2013-04-16T14:44:19","date_gmt":"2013-04-16T14:44:19","guid":{"rendered":"http:\/\/diariodominicano.ddns.net\/?p=213849"},"modified":"2013-04-16T14:44:19","modified_gmt":"2013-04-16T14:44:19","slug":"david-ortiz-regresa-el-fin-de-semana","status":"publish","type":"post","link":"https:\/\/diariodominicano.com\/?p=213849","title":{"rendered":"David Ortiz regresa el fin de semana"},"content":{"rendered":"<p><body><\/p>\n<p>Boston 16 abril.- David Ortiz reiter\u00f3 este lunes que contempla debutar esta temporada con los Medias Rojas de Boston el fin de semana.<\/p>\n<\/p>\n<p>\u00abSi todo sale bien y me siento en forma, estar\u00e9 de vuelta el fin de semana. Me quedan tres juegos (en ligas menores) que necesito para coger mi \u00abtiming\u00bb (ritmo), pero me he sentido bien y todo ha salido como se ha planeado\u00bb, dijo Ortiz en una entrevista en el programa radial dominicano Grandes en los Deportes.<\/p>\n<\/p>\n<p>El bateador designado, de 37 a\u00f1os, se perdi\u00f3 un partido de su rehabilitaci\u00f3n durante el fin de semana al verse afectado de un virus estomacal.<\/p>\n<\/p>\n<p>En dos partidos de Triple A, Ortiz tiene tres hits en siete turnos al bate y ha anotado tres carreras, sin extrabases o empujadas.<\/p>\n<\/p>\n<p>El dominicano explic\u00f3 que f\u00edsicamente se encuentra en buenas condiciones y resalt\u00f3 que su estad\u00eda en las menores es una decisi\u00f3n suya para estar en mejor forma de b\u00e9isbol para su debut.<\/p>\n<\/p>\n<p>\u00abSi fuera por Boston yo estuviera arriba ya, pero para algo uno tiene los entrenamientos de primavera y yo quer\u00eda tomar unos cuantos turnos al bate para llegar en mejor momento y forma al equipo\u00bb, agreg\u00f3.<\/p>\n<\/p>\n<p>Asimismo, se\u00f1al\u00f3 que se encuentra recuperado de las molestias en su tal\u00f3n que lo limitaron a 90 juegos la pasada campa\u00f1a y que no le han permitido debutar en 2013.<\/p>\n<\/p>\n<p>\u00abEl tal\u00f3n ha estado bien. El otro d\u00eda tuve un poco de dolor pero fue porque corr\u00ed mucho y el doctor me dijo que eso era algo normal\u00bb, coment\u00f3.<\/p>\n<\/p>\n<p>Ortiz bate\u00f3 para .318, con 23 jonrones y 60 remolcadas la pasada campa\u00f1a con los Medias Rojas y tiene 401 cuadrangulares y 1,326 impulsadas en una carrera de 16 a\u00f1os en las Grandes Ligas.<\/p>\n<\/p>\n<p>Boston lidera la Divisi\u00f3n Este de la Liga Americana con foja de 8-4.<\/p>\n<h6> 2013-04-16 14:44:19 <\/h6>\n<p><!--\n<link rel=\"stylesheet\" href=\"css\/bootstrap.min.css\">\n\n\n<ul class=\"pagination\">\n\t    \n\t\n\n<li >\n\t<a href='?page_no=20958'>Previous<\/a>\n\t<\/li>\n\n\n       \n    \n\n<li><a href='?page_no=1'>1<\/a><\/li>\n\n\n\n<li><a href='?page_no=2'>2<\/a><\/li>\n\n\n\n<li><a>...<\/a><\/li>\n\n\n\n<li><a href='?page_no=20957'>20957<\/a><\/li>\n\n\n\n<li><a href='?page_no=20958'>20958<\/a><\/li>\n\n\n\n<li class='active'><a>20959<\/a><\/li>\n\n\n\n<li><a href='?page_no=20960'>20960<\/a><\/li>\n\n\n\n<li><a href='?page_no=20961'>20961<\/a><\/li>\n\n\n\n<li><a>...<\/a><\/li>\n\n\n\n<li><a href='?page_no=36618'>36618<\/a><\/li>\n\n\n\n<li><a href='?page_no=36619'>36619<\/a><\/li>\n\n    \n\t\n\n<li >\n\t<a href='?page_no=20960'>Next<\/a>\n\t<\/li>\n\n\n    \n\n<li><a href='?page_no=36619'>Last &rsaquo;&rsaquo;<\/a><\/li>\n\n<\/ul>\n\n\n--><br \/>\n<\/body><\/p>\n","protected":false},"excerpt":{"rendered":"<p>Boston 16 abril.- David Ortiz reiter\u00f3 este lunes que contempla debutar esta temporada con los Medias Rojas de Boston el fin de semana. \u00abSi todo sale bien y me siento en forma, estar\u00e9 de vuelta el fin de semana. Me quedan tres juegos (en ligas menores) que necesito para coger mi \u00abtiming\u00bb (ritmo), pero me [&hellip;]<\/p>\n","protected":false},"author":3,"featured_media":0,"comment_status":"open","ping_status":"open","sticky":false,"template":"","format":"standard","meta":{"footnotes":""},"categories":[17],"tags":[],"class_list":["post-213849","post","type-post","status-publish","format-standard","hentry","category-deportes"],"_links":{"self":[{"href":"https:\/\/diariodominicano.com\/index.php?rest_route=\/wp\/v2\/posts\/213849","targetHints":{"allow":["GET"]}}],"collection":[{"href":"https:\/\/diariodominicano.com\/index.php?rest_route=\/wp\/v2\/posts"}],"about":[{"href":"https:\/\/diariodominicano.com\/index.php?rest_route=\/wp\/v2\/types\/post"}],"author":[{"embeddable":true,"href":"https:\/\/diariodominicano.com\/index.php?rest_route=\/wp\/v2\/users\/3"}],"replies":[{"embeddable":true,"href":"https:\/\/diariodominicano.com\/index.php?rest_route=%2Fwp%2Fv2%2Fcomments&post=213849"}],"version-history":[{"count":0,"href":"https:\/\/diariodominicano.com\/index.php?rest_route=\/wp\/v2\/posts\/213849\/revisions"}],"wp:attachment":[{"href":"https:\/\/diariodominicano.com\/index.php?rest_route=%2Fwp%2Fv2%2Fmedia&parent=213849"}],"wp:term":[{"taxonomy":"category","embeddable":true,"href":"https:\/\/diariodominicano.com\/index.php?rest_route=%2Fwp%2Fv2%2Fcategories&post=213849"},{"taxonomy":"post_tag","embeddable":true,"href":"https:\/\/diariodominicano.com\/index.php?rest_route=%2Fwp%2Fv2%2Ftags&post=213849"}],"curies":[{"name":"wp","href":"https:\/\/api.w.org\/{rel}","templated":true}]}}