{"id":213844,"date":"2013-04-16T18:53:15","date_gmt":"2013-04-16T18:53:15","guid":{"rendered":"http:\/\/diariodominicano.ddns.net\/?p=213844"},"modified":"2013-04-16T18:53:15","modified_gmt":"2013-04-16T18:53:15","slug":"agradece-aporte-de-la-fifa-y-joseph-blatter-para-la-construccion-de-cancha-para-futbol-bajo-techo-en-sc","status":"publish","type":"post","link":"https:\/\/diariodominicano.com\/?p=213844","title":{"rendered":"Agradece aporte de la FIFA y Joseph Blatter para la construcci\u00f3n de cancha para f\u00fatbol bajo techo en SC&#13;"},"content":{"rendered":"<p><body><\/p>\n<\/p>\n<p><span class=\"text1noticias\">San Crist\u00f3bal, RD, 16 de abril.-.-El presidente de la Federaci\u00f3n Dominicana de F\u00fatbol (FEDOFUTBOL), ingeniero Osiris Guzm\u00e1n, destac\u00f3 los aportes del se\u00f1or Joseph Blatter al f\u00fatbol dominicano y a nivel mundial.<\/span><\/p>\n<\/p>\n<p><span class=\"text1noticias\">Se\u00f1al\u00f3 que la edificaci\u00f3n de la cancha de f\u00fatbol bajo techo (f\u00fatbol de sal\u00f3n) bajo est\u00e1ndares de la Federaci\u00f3n Internacional de F\u00fatbol Asociado (FIFA), con una inversi\u00f3n superior a los veinte millones de pesos es una de las donaciones m\u00e1s importantes que ha hecho el m\u00e1ximo representante del f\u00fatbol a nivel mundial para el desarrollo de esa disciplina deportiva en esta provincia y  el resto  del pa\u00eds.<\/span><\/p>\n<\/p>\n<p><span class=\"text1noticias\">Signific\u00f3 que la construcci\u00f3n de esta obra se levanta en un \u00e1rea de 1400 metros cuadrados, en el Proyecto Goal, kil\u00f3metro 5, de la Autopista 6 de Noviembre, en esta provincia.<\/span><\/p>\n<\/p>\n<p><span class=\"text1noticias\">Agradeci\u00f3 este gran aporte a esa disciplina deportiva que aunada a las anteriores consistente en la remodelaci\u00f3n del Estadio Panamericano y del  Proyecto Goal constituyen en las instalaciones deportivas m\u00e1s vistosas y hermosas, que sirven de alojamiento a equipos , asociaciones del pa\u00eds y  de otros  pa\u00edses que con lo que se tengan intercambios o torneos.<\/span><\/p>\n<\/p>\n<p><span class=\"text1noticias\">Por otro lado, destac\u00f3 el gran recibimiento que le hiciera el presidente Danilo Medina en el Palacio Nacional al presidente de la FIFA, Joseph Blatter y el compromiso asumido para el fomento y pr\u00e1ctica de esa disciplina en las escuelas del pa\u00eds.<\/span><\/p>\n<\/p>\n<p><span class=\"text1noticias\">Resalt\u00f3 tambi\u00e9n el acompa\u00f1amiento que le brindaron el senador Tommy Gal\u00e1n, el diputado Nelson Guill\u00e9n y todos los directivos de FEDOFUTBOL y los  presidentes  de las asociaciones de base de la entidad.<\/span><\/p>\n<\/p>\n<p><span class=\"text1noticias\">As\u00ed como tambi\u00e9n a todas las personas que contribuyeron para que se le brindara un recibimiento especial al se\u00f1or Joseph Blatter y su comitiva  en su visita al pa\u00eds.<\/span><\/p>\n<\/p>\n<h6> 2013-04-16 18:53:15 <\/h6>\n<p><!--\n<link rel=\"stylesheet\" href=\"css\/bootstrap.min.css\">\n\n\n<ul class=\"pagination\">\n\t    \n\t\n\n<li >\n\t<a href='?page_no=20953'>Previous<\/a>\n\t<\/li>\n\n\n       \n    \n\n<li><a href='?page_no=1'>1<\/a><\/li>\n\n\n\n<li><a href='?page_no=2'>2<\/a><\/li>\n\n\n\n<li><a>...<\/a><\/li>\n\n\n\n<li><a href='?page_no=20952'>20952<\/a><\/li>\n\n\n\n<li><a href='?page_no=20953'>20953<\/a><\/li>\n\n\n\n<li class='active'><a>20954<\/a><\/li>\n\n\n\n<li><a href='?page_no=20955'>20955<\/a><\/li>\n\n\n\n<li><a href='?page_no=20956'>20956<\/a><\/li>\n\n\n\n<li><a>...<\/a><\/li>\n\n\n\n<li><a href='?page_no=36618'>36618<\/a><\/li>\n\n\n\n<li><a href='?page_no=36619'>36619<\/a><\/li>\n\n    \n\t\n\n<li >\n\t<a href='?page_no=20955'>Next<\/a>\n\t<\/li>\n\n\n    \n\n<li><a href='?page_no=36619'>Last &rsaquo;&rsaquo;<\/a><\/li>\n\n<\/ul>\n\n\n--><br \/>\n<\/body><\/p>\n","protected":false},"excerpt":{"rendered":"<p>San Crist\u00f3bal, RD, 16 de abril.-.-El presidente de la Federaci\u00f3n Dominicana de F\u00fatbol (FEDOFUTBOL), ingeniero Osiris Guzm\u00e1n, destac\u00f3 los aportes del se\u00f1or Joseph Blatter al f\u00fatbol dominicano y a nivel mundial. Se\u00f1al\u00f3 que la edificaci\u00f3n de la cancha de f\u00fatbol bajo techo (f\u00fatbol de sal\u00f3n) bajo est\u00e1ndares de la Federaci\u00f3n Internacional de F\u00fatbol Asociado (FIFA), [&hellip;]<\/p>\n","protected":false},"author":3,"featured_media":0,"comment_status":"open","ping_status":"open","sticky":false,"template":"","format":"standard","meta":{"footnotes":""},"categories":[17],"tags":[],"class_list":["post-213844","post","type-post","status-publish","format-standard","hentry","category-deportes"],"_links":{"self":[{"href":"https:\/\/diariodominicano.com\/index.php?rest_route=\/wp\/v2\/posts\/213844","targetHints":{"allow":["GET"]}}],"collection":[{"href":"https:\/\/diariodominicano.com\/index.php?rest_route=\/wp\/v2\/posts"}],"about":[{"href":"https:\/\/diariodominicano.com\/index.php?rest_route=\/wp\/v2\/types\/post"}],"author":[{"embeddable":true,"href":"https:\/\/diariodominicano.com\/index.php?rest_route=\/wp\/v2\/users\/3"}],"replies":[{"embeddable":true,"href":"https:\/\/diariodominicano.com\/index.php?rest_route=%2Fwp%2Fv2%2Fcomments&post=213844"}],"version-history":[{"count":0,"href":"https:\/\/diariodominicano.com\/index.php?rest_route=\/wp\/v2\/posts\/213844\/revisions"}],"wp:attachment":[{"href":"https:\/\/diariodominicano.com\/index.php?rest_route=%2Fwp%2Fv2%2Fmedia&parent=213844"}],"wp:term":[{"taxonomy":"category","embeddable":true,"href":"https:\/\/diariodominicano.com\/index.php?rest_route=%2Fwp%2Fv2%2Fcategories&post=213844"},{"taxonomy":"post_tag","embeddable":true,"href":"https:\/\/diariodominicano.com\/index.php?rest_route=%2Fwp%2Fv2%2Ftags&post=213844"}],"curies":[{"name":"wp","href":"https:\/\/api.w.org\/{rel}","templated":true}]}}