{"id":213843,"date":"2013-04-16T20:28:24","date_gmt":"2013-04-16T20:28:24","guid":{"rendered":"http:\/\/diariodominicano.ddns.net\/?p=213843"},"modified":"2013-04-16T20:28:24","modified_gmt":"2013-04-16T20:28:24","slug":"ministerio-de-deportes-realiza-campamento-deportivo-recreativo-en-el-parque-payero-ulloa-de-santiago","status":"publish","type":"post","link":"https:\/\/diariodominicano.com\/?p=213843","title":{"rendered":"Ministerio de Deportes realiza  campamento deportivo-recreativo en el parque Payero Ulloa de Santiago&#13;"},"content":{"rendered":"<p><body><\/p>\n<p><img decoding=\"async\" src=\"http:\/\/localhost:8080\/img3\/CAMPAMENTO.JPG\" \/>  <\/p>\n<p><span class=\"text1noticias\">Santiago, RD, 16 de Abril.-Con un gran entusiasmo la Direcci\u00f3n Municipal del Ministerio de Deportes en Santiago, que dirige el licenciado F\u00e9lix Alc\u00e1ntara realiz\u00f3 el pasado domingo por todo lo alto un amplio campamento Deportivo-Recreativo en el hist\u00f3rico parque Mon Payero Ulloa (M\u00e1rtir de los Caracoles), el cual esta ubicado en la Calle 4 esquina 25 del sector Ensanche Berm\u00fadez. <\/span><\/p>\n<\/p>\n<p><span class=\"text1noticias\">En el mismo se realizaron competencias de domino, tablero, ciclismo, atletismo, ajedrez, voleibol, baloncesto, juegos recreativos, y actividades acu\u00e1ticas en varias piscinas que fueron abarrotadas por ni\u00f1os en ambos sexos.<\/span><\/p>\n<\/p>\n<p><span class=\"text1noticias\">Este importante evento fue organizado por F\u00e9lix Alc\u00e1ntara y Tuty Cordero, quienes son Director del Ministerio de Deportes y Directora T\u00e9cnica del Municipio de Santiago respectivamente, adem\u00e1s del presidente la junta de Vecinos Payero Ulloa, el se\u00f1or Mart\u00edn Rubio, el mismo cont\u00f3 con el gran respaldo de los medios de la prensa local.<\/span><\/p>\n<\/p>\n<p><span class=\"text1noticias\">Alc\u00e1ntara indic\u00f3 que ese campamento  fue organizado en ese lugar hist\u00f3rico para honrar la memoria de un joven que dio su vida junto al Coronel Caama\u00f1o por la democracia de este pa\u00eds, lo cual buscaba crear un espacio de sano esparcimiento ya que los moradores de dicha comunidad lo hab\u00edan solicitado en varias ocasiones a la Direcci\u00f3n que el encabeza en el municipio de Santiago.<\/span><\/p>\n<\/p>\n<p><span class=\"text1noticias\">En esta ocasi\u00f3n el Ministerio de Deportes cont\u00f3 con el respaldo del departamento de Deportes de la Alcald\u00eda de Santiago, el Cuerpo de Bomberos, un cuerpo medico, las organizaciones Deportivas y la Junta de Vecinos Mon Payero Ulloa de la comunidad del Ensanche Berm\u00fadez.<\/span><\/p>\n<\/p>\n<p><span class=\"text1noticias\">El Director de Deportes se\u00f1al\u00f3 que con la celebraci\u00f3n de ese campamento se mantiene firme la continuidad de los campamentos Recreativos-Deportivos que iniciaron en Semana Santa y que continuar\u00e1n llev\u00e1ndose a cabo por varios sectores de la provincia de Santiago, durante los pr\u00f3ximos fines de semanas. <\/span><\/p>\n<\/p>\n<\/p>\n<\/p>\n<\/p>\n<h6> 2013-04-16 20:28:24 <\/h6>\n<p><!--\n<link rel=\"stylesheet\" href=\"css\/bootstrap.min.css\">\n\n\n<ul class=\"pagination\">\n\t    \n\t\n\n<li >\n\t<a href='?page_no=20952'>Previous<\/a>\n\t<\/li>\n\n\n       \n    \n\n<li><a href='?page_no=1'>1<\/a><\/li>\n\n\n\n<li><a href='?page_no=2'>2<\/a><\/li>\n\n\n\n<li><a>...<\/a><\/li>\n\n\n\n<li><a href='?page_no=20951'>20951<\/a><\/li>\n\n\n\n<li><a href='?page_no=20952'>20952<\/a><\/li>\n\n\n\n<li class='active'><a>20953<\/a><\/li>\n\n\n\n<li><a href='?page_no=20954'>20954<\/a><\/li>\n\n\n\n<li><a href='?page_no=20955'>20955<\/a><\/li>\n\n\n\n<li><a>...<\/a><\/li>\n\n\n\n<li><a href='?page_no=36618'>36618<\/a><\/li>\n\n\n\n<li><a href='?page_no=36619'>36619<\/a><\/li>\n\n    \n\t\n\n<li >\n\t<a href='?page_no=20954'>Next<\/a>\n\t<\/li>\n\n\n    \n\n<li><a href='?page_no=36619'>Last &rsaquo;&rsaquo;<\/a><\/li>\n\n<\/ul>\n\n\n--><br \/>\n<\/body><\/p>\n","protected":false},"excerpt":{"rendered":"<p>Santiago, RD, 16 de Abril.-Con un gran entusiasmo la Direcci\u00f3n Municipal del Ministerio de Deportes en Santiago, que dirige el licenciado F\u00e9lix Alc\u00e1ntara realiz\u00f3 el pasado domingo por todo lo alto un amplio campamento Deportivo-Recreativo en el hist\u00f3rico parque Mon Payero Ulloa (M\u00e1rtir de los Caracoles), el cual esta ubicado en la Calle 4 esquina [&hellip;]<\/p>\n","protected":false},"author":3,"featured_media":0,"comment_status":"open","ping_status":"open","sticky":false,"template":"","format":"standard","meta":{"footnotes":""},"categories":[17],"tags":[],"class_list":["post-213843","post","type-post","status-publish","format-standard","hentry","category-deportes"],"_links":{"self":[{"href":"https:\/\/diariodominicano.com\/index.php?rest_route=\/wp\/v2\/posts\/213843","targetHints":{"allow":["GET"]}}],"collection":[{"href":"https:\/\/diariodominicano.com\/index.php?rest_route=\/wp\/v2\/posts"}],"about":[{"href":"https:\/\/diariodominicano.com\/index.php?rest_route=\/wp\/v2\/types\/post"}],"author":[{"embeddable":true,"href":"https:\/\/diariodominicano.com\/index.php?rest_route=\/wp\/v2\/users\/3"}],"replies":[{"embeddable":true,"href":"https:\/\/diariodominicano.com\/index.php?rest_route=%2Fwp%2Fv2%2Fcomments&post=213843"}],"version-history":[{"count":0,"href":"https:\/\/diariodominicano.com\/index.php?rest_route=\/wp\/v2\/posts\/213843\/revisions"}],"wp:attachment":[{"href":"https:\/\/diariodominicano.com\/index.php?rest_route=%2Fwp%2Fv2%2Fmedia&parent=213843"}],"wp:term":[{"taxonomy":"category","embeddable":true,"href":"https:\/\/diariodominicano.com\/index.php?rest_route=%2Fwp%2Fv2%2Fcategories&post=213843"},{"taxonomy":"post_tag","embeddable":true,"href":"https:\/\/diariodominicano.com\/index.php?rest_route=%2Fwp%2Fv2%2Ftags&post=213843"}],"curies":[{"name":"wp","href":"https:\/\/api.w.org\/{rel}","templated":true}]}}