{"id":213835,"date":"2013-04-17T21:42:57","date_gmt":"2013-04-17T21:42:57","guid":{"rendered":"http:\/\/diariodominicano.ddns.net\/?p=213835"},"modified":"2013-04-17T21:42:57","modified_gmt":"2013-04-17T21:42:57","slug":"tico-alejandro-rojas-llega-este-jueves-para-motocross-kendall","status":"publish","type":"post","link":"https:\/\/diariodominicano.com\/?p=213835","title":{"rendered":"Tico Alejandro Rojas llega este  jueves para Motocross Kendall"},"content":{"rendered":"<p><body><\/p>\n<p><img decoding=\"async\" src=\"http:\/\/localhost:8080\/img3\/Alejandro.JPG\" \/>  <\/p>\n<p><span class=\"text1noticias\">Santo Domingo, RD, 17 de Abril.-El experimentado piloto de Costa Rica, Alejandro Rojas, conocido como El Torpedo de Grecia, llega este jueves al pa\u00eds, para participar el pr\u00f3ximo domingo en la tercera versi\u00f3n puntuable del campeonato nacional Kendall de motocross, que se correr\u00e1 en El Pino, La Vega.<\/span><\/p>\n<\/p>\n<p><span class=\"text1noticias\">\tEl piloto tico, conocido tambi\u00e9n como El Griego, seg\u00fan los medios informativos de su pa\u00eds, ha sido campe\u00f3n nacional de en la categor\u00eda MX-2 para expertos, mientras que el a\u00f1o pasado result\u00f3 tercero en MX-1 y MX-2.<\/span><\/p>\n<\/p>\n<p><span class=\"text1noticias\">\tEl presidente de la Federaci\u00f3n Dominicana de Motociclismo, Carlos Finke, quien ofreci\u00f3 la informaci\u00f3n manifest\u00f3 que Rojas competir\u00e1 en las dos categor\u00edas m\u00e1ximas para expertos, las MX-1 y MX-2.<\/span><\/p>\n<\/p>\n<p><span class=\"text1noticias\">\tRojas pertenece al team KTM que dirige el conocido piloto Adrian Robert, quien hizo historia en la Rep\u00fablica Dominicana, siendo ganador de los expertos en varias ocasiones.<\/span><\/p>\n<\/p>\n<p><span class=\"text1noticias\">\tEl piloto invitado arriba este jueves en la tarde por el aeropuerto internacional de Las Am\u00e9ricas y de inmediato se presentar\u00e1 en la nueva pista de El Pino, La Vega.<\/span><\/p>\n<\/p>\n<p><span class=\"text1noticias\">\tPara el pr\u00f3ximo domingo el evento est\u00e1 previsto para comenzar a las diez de la ma\u00f1ana en las categor\u00edas pee wee, super pee wee, 65cc, 85cc, novatos, master, pre-expertos, MX-2 y MX-1 para expertos.(HG)<\/span>.<\/p>\n<\/p>\n<h6> 2013-04-17 21:42:57 <\/h6>\n<p><!--\n<link rel=\"stylesheet\" href=\"css\/bootstrap.min.css\">\n\n\n<ul class=\"pagination\">\n\t    \n\t\n\n<li >\n\t<a href='?page_no=20944'>Previous<\/a>\n\t<\/li>\n\n\n       \n    \n\n<li><a href='?page_no=1'>1<\/a><\/li>\n\n\n\n<li><a href='?page_no=2'>2<\/a><\/li>\n\n\n\n<li><a>...<\/a><\/li>\n\n\n\n<li><a href='?page_no=20943'>20943<\/a><\/li>\n\n\n\n<li><a href='?page_no=20944'>20944<\/a><\/li>\n\n\n\n<li class='active'><a>20945<\/a><\/li>\n\n\n\n<li><a href='?page_no=20946'>20946<\/a><\/li>\n\n\n\n<li><a href='?page_no=20947'>20947<\/a><\/li>\n\n\n\n<li><a>...<\/a><\/li>\n\n\n\n<li><a href='?page_no=36618'>36618<\/a><\/li>\n\n\n\n<li><a href='?page_no=36619'>36619<\/a><\/li>\n\n    \n\t\n\n<li >\n\t<a href='?page_no=20946'>Next<\/a>\n\t<\/li>\n\n\n    \n\n<li><a href='?page_no=36619'>Last &rsaquo;&rsaquo;<\/a><\/li>\n\n<\/ul>\n\n\n--><br \/>\n<\/body><\/p>\n","protected":false},"excerpt":{"rendered":"<p>Santo Domingo, RD, 17 de Abril.-El experimentado piloto de Costa Rica, Alejandro Rojas, conocido como El Torpedo de Grecia, llega este jueves al pa\u00eds, para participar el pr\u00f3ximo domingo en la tercera versi\u00f3n puntuable del campeonato nacional Kendall de motocross, que se correr\u00e1 en El Pino, La Vega. El piloto tico, conocido tambi\u00e9n como El [&hellip;]<\/p>\n","protected":false},"author":3,"featured_media":0,"comment_status":"open","ping_status":"open","sticky":false,"template":"","format":"standard","meta":{"footnotes":""},"categories":[17],"tags":[],"class_list":["post-213835","post","type-post","status-publish","format-standard","hentry","category-deportes"],"_links":{"self":[{"href":"https:\/\/diariodominicano.com\/index.php?rest_route=\/wp\/v2\/posts\/213835","targetHints":{"allow":["GET"]}}],"collection":[{"href":"https:\/\/diariodominicano.com\/index.php?rest_route=\/wp\/v2\/posts"}],"about":[{"href":"https:\/\/diariodominicano.com\/index.php?rest_route=\/wp\/v2\/types\/post"}],"author":[{"embeddable":true,"href":"https:\/\/diariodominicano.com\/index.php?rest_route=\/wp\/v2\/users\/3"}],"replies":[{"embeddable":true,"href":"https:\/\/diariodominicano.com\/index.php?rest_route=%2Fwp%2Fv2%2Fcomments&post=213835"}],"version-history":[{"count":0,"href":"https:\/\/diariodominicano.com\/index.php?rest_route=\/wp\/v2\/posts\/213835\/revisions"}],"wp:attachment":[{"href":"https:\/\/diariodominicano.com\/index.php?rest_route=%2Fwp%2Fv2%2Fmedia&parent=213835"}],"wp:term":[{"taxonomy":"category","embeddable":true,"href":"https:\/\/diariodominicano.com\/index.php?rest_route=%2Fwp%2Fv2%2Fcategories&post=213835"},{"taxonomy":"post_tag","embeddable":true,"href":"https:\/\/diariodominicano.com\/index.php?rest_route=%2Fwp%2Fv2%2Ftags&post=213835"}],"curies":[{"name":"wp","href":"https:\/\/api.w.org\/{rel}","templated":true}]}}