{"id":213824,"date":"2013-04-19T14:02:24","date_gmt":"2013-04-19T14:02:24","guid":{"rendered":"http:\/\/diariodominicano.ddns.net\/?p=213824"},"modified":"2013-04-19T14:02:24","modified_gmt":"2013-04-19T14:02:24","slug":"el-abejon-fortuna-pierde-corona-de-mexicano-miguel-zamudio","status":"publish","type":"post","link":"https:\/\/diariodominicano.com\/?p=213824","title":{"rendered":"El Abej\u00f3n Fortuna pierde corona de m\u00e9xicano Miguel Zamudio"},"content":{"rendered":"<p><body><\/p>\n<p>Atlantic City, New Jersey 19 abril- El boxeador dominicano Javier -El Abej\u00f3n- Fortuna, por una actitud indisciplinada, perdi\u00f3 su corona mundial pluma (interina) en la b\u00e1scula debido a que no pudo dar el peso en la ceremonia del pesaje oficial.<\/p>\n<\/p>\n<p>El invicto pugilista, nacido en La Romana,  estaba pautado para defender, este jueves en esta ciudad, su cintur\u00f3n pluma ante el mexicano Miguel Zamudio quien s\u00ed dio el peso. Zamudio pes\u00f3 125 libras y media.<\/p>\n<\/p>\n<p>Fortuna fue tres veces a la b\u00e1scula. Y cuando se pensaba que en su tercer intento para hacer el peso oficial (126 libras), decepcion\u00f3 a su apoderado, C\u00e9sar Mercedes.  Pes\u00f3, en el tercer intento, 126.6.<\/p>\n<\/p>\n<p>Es decir, pes\u00f3 seis onzas por encima de las 126 libras (categor\u00eda pluma) por lo que la Comisi\u00f3n Atl\u00e9tica de Atlantic City lo declar\u00f3 \u00a1perdedor de la faja pluma, interina, de la Asociaci\u00f3n Mundial de Boxeo (AMB)!.<\/p>\n<\/p>\n<p>No obstante, El Abej\u00f3n Fortuna subir\u00e1 al cuadril\u00e1tero para su reyerta con Zamudio.<\/p>\n<\/p>\n<p>Si el dominicano logra derrotar  a Zamudio, tendr\u00e1 que conformarse con la victoria, \u00a1pero debe dejar la corona en poder de la AMB!<\/p>\n<\/p>\n<p> Si ocurre lo contrario, que la victoria la obtenga el mexicano, entonces \u00e9ste se coronar\u00eda titular pluma interina de la AMB.<\/p>\n<\/p>\n<p>of\/am<\/p>\n<\/p>\n<h6> 2013-04-19 14:02:24 <\/h6>\n<p><!--\n<link rel=\"stylesheet\" href=\"css\/bootstrap.min.css\">\n\n\n<ul class=\"pagination\">\n\t    \n\t\n\n<li >\n\t<a href='?page_no=20933'>Previous<\/a>\n\t<\/li>\n\n\n       \n    \n\n<li><a href='?page_no=1'>1<\/a><\/li>\n\n\n\n<li><a href='?page_no=2'>2<\/a><\/li>\n\n\n\n<li><a>...<\/a><\/li>\n\n\n\n<li><a href='?page_no=20932'>20932<\/a><\/li>\n\n\n\n<li><a href='?page_no=20933'>20933<\/a><\/li>\n\n\n\n<li class='active'><a>20934<\/a><\/li>\n\n\n\n<li><a href='?page_no=20935'>20935<\/a><\/li>\n\n\n\n<li><a href='?page_no=20936'>20936<\/a><\/li>\n\n\n\n<li><a>...<\/a><\/li>\n\n\n\n<li><a href='?page_no=36618'>36618<\/a><\/li>\n\n\n\n<li><a href='?page_no=36619'>36619<\/a><\/li>\n\n    \n\t\n\n<li >\n\t<a href='?page_no=20935'>Next<\/a>\n\t<\/li>\n\n\n    \n\n<li><a href='?page_no=36619'>Last &rsaquo;&rsaquo;<\/a><\/li>\n\n<\/ul>\n\n\n--><br \/>\n<\/body><\/p>\n","protected":false},"excerpt":{"rendered":"<p>Atlantic City, New Jersey 19 abril- El boxeador dominicano Javier -El Abej\u00f3n- Fortuna, por una actitud indisciplinada, perdi\u00f3 su corona mundial pluma (interina) en la b\u00e1scula debido a que no pudo dar el peso en la ceremonia del pesaje oficial. El invicto pugilista, nacido en La Romana, estaba pautado para defender, este jueves en esta [&hellip;]<\/p>\n","protected":false},"author":3,"featured_media":0,"comment_status":"open","ping_status":"open","sticky":false,"template":"","format":"standard","meta":{"footnotes":""},"categories":[17],"tags":[],"class_list":["post-213824","post","type-post","status-publish","format-standard","hentry","category-deportes"],"_links":{"self":[{"href":"https:\/\/diariodominicano.com\/index.php?rest_route=\/wp\/v2\/posts\/213824","targetHints":{"allow":["GET"]}}],"collection":[{"href":"https:\/\/diariodominicano.com\/index.php?rest_route=\/wp\/v2\/posts"}],"about":[{"href":"https:\/\/diariodominicano.com\/index.php?rest_route=\/wp\/v2\/types\/post"}],"author":[{"embeddable":true,"href":"https:\/\/diariodominicano.com\/index.php?rest_route=\/wp\/v2\/users\/3"}],"replies":[{"embeddable":true,"href":"https:\/\/diariodominicano.com\/index.php?rest_route=%2Fwp%2Fv2%2Fcomments&post=213824"}],"version-history":[{"count":0,"href":"https:\/\/diariodominicano.com\/index.php?rest_route=\/wp\/v2\/posts\/213824\/revisions"}],"wp:attachment":[{"href":"https:\/\/diariodominicano.com\/index.php?rest_route=%2Fwp%2Fv2%2Fmedia&parent=213824"}],"wp:term":[{"taxonomy":"category","embeddable":true,"href":"https:\/\/diariodominicano.com\/index.php?rest_route=%2Fwp%2Fv2%2Fcategories&post=213824"},{"taxonomy":"post_tag","embeddable":true,"href":"https:\/\/diariodominicano.com\/index.php?rest_route=%2Fwp%2Fv2%2Ftags&post=213824"}],"curies":[{"name":"wp","href":"https:\/\/api.w.org\/{rel}","templated":true}]}}