{"id":213819,"date":"2013-04-19T15:58:59","date_gmt":"2013-04-19T15:58:59","guid":{"rendered":"http:\/\/diariodominicano.ddns.net\/?p=213819"},"modified":"2013-04-19T15:58:59","modified_gmt":"2013-04-19T15:58:59","slug":"derek-jeter-sufre-nueva-lesion-estara-fuera-hasta-julio","status":"publish","type":"post","link":"https:\/\/diariodominicano.com\/?p=213819","title":{"rendered":"Derek Jeter sufre nueva lesi\u00f3n; estar\u00e1 fuera hasta julio"},"content":{"rendered":"<p><body><\/p>\n<p>Nueva York. 19 abril.- Derek Jeter sufri\u00f3 una nueva lesi\u00f3n en el tobillo izquierdo que se fractur\u00f3 el a\u00f1o pasado y el regreso a la actividad del torpedero de los Yanquis deber\u00e1 esperar hasta despu\u00e9s del Juego de Estrellas.<\/p>\n<\/p>\n<p>El gerente de los Yanquis, Brian Cashman, inform\u00f3 ayer jueves que se encontr\u00f3 una peque\u00f1a fisura en la zona de la lesi\u00f3n previa luego que el jugador de 38 a\u00f1os se someti\u00f3 a una tomograf\u00eda.<\/p>\n<\/p>\n<p>\u00abEstar\u00e1 fuera m\u00e1s o menos hasta despu\u00e9s del Juego de Estrellas\u00bb, dijo Cashman. \u00abSin duda que es un contratiempo\u00bb.<\/p>\n<\/p>\n<p>El jueves, Jeter fue examinado por el doctor Robert Anderson, quien le oper\u00f3 en  Charlotte, Carolina del Norte, tras la fractura sufrida en octubre pasado.<\/p>\n<\/p>\n<p>Cashman indic\u00f3 que la recuperaci\u00f3n de la nueva lesi\u00f3n, por la magnitud de la misma, puede tomar unos tres meses.<\/p>\n<\/p>\n<p>A\u00f1adi\u00f3 que la nueva lesi\u00f3n no debe provocar temor de que el futuro de Jeter como pelotero corre riesgo: \u00abEn el 95% de los casos hay recuperaci\u00f3n\u00bb.<\/p>\n<\/p>\n<p>Tambi\u00e9n indic\u00f3 que Jeter reaccion\u00f3 con \u00abla actitud de que ?me ver\u00e1n jugando tarde o temprano?\u00bb.<\/p>\n<\/p>\n<p>El capit\u00e1n de los Yanquis se fractur\u00f3 el tobillo durante el primer juego de la serie de campeonato de la Liga Americana ante los Tigres de Detroit. Apenas jug\u00f3 durante la pretemporada y comenz\u00f3 la campa\u00f1a recuper\u00e1ndose en Tampa, Florida.<\/p>\n<\/p>\n<p>Cashman se\u00f1al\u00f3 que el equipo no contempla buscar refuerzos, lo que significa que el dominicano Eduardo N\u00fa\u00f1ez seguir\u00e1 como titular en el campocorto.<\/p>\n<\/p>\n<p>\u00abVamos a seguir igual\u00bb, dijo Cashman.<\/p>\n<h6> 2013-04-19 15:58:59 <\/h6>\n<p><!--\n<link rel=\"stylesheet\" href=\"css\/bootstrap.min.css\">\n\n\n<ul class=\"pagination\">\n\t    \n\t\n\n<li >\n\t<a href='?page_no=20928'>Previous<\/a>\n\t<\/li>\n\n\n       \n    \n\n<li><a href='?page_no=1'>1<\/a><\/li>\n\n\n\n<li><a href='?page_no=2'>2<\/a><\/li>\n\n\n\n<li><a>...<\/a><\/li>\n\n\n\n<li><a href='?page_no=20927'>20927<\/a><\/li>\n\n\n\n<li><a href='?page_no=20928'>20928<\/a><\/li>\n\n\n\n<li class='active'><a>20929<\/a><\/li>\n\n\n\n<li><a href='?page_no=20930'>20930<\/a><\/li>\n\n\n\n<li><a href='?page_no=20931'>20931<\/a><\/li>\n\n\n\n<li><a>...<\/a><\/li>\n\n\n\n<li><a href='?page_no=36618'>36618<\/a><\/li>\n\n\n\n<li><a href='?page_no=36619'>36619<\/a><\/li>\n\n    \n\t\n\n<li >\n\t<a href='?page_no=20930'>Next<\/a>\n\t<\/li>\n\n\n    \n\n<li><a href='?page_no=36619'>Last &rsaquo;&rsaquo;<\/a><\/li>\n\n<\/ul>\n\n\n--><br \/>\n<\/body><\/p>\n","protected":false},"excerpt":{"rendered":"<p>Nueva York. 19 abril.- Derek Jeter sufri\u00f3 una nueva lesi\u00f3n en el tobillo izquierdo que se fractur\u00f3 el a\u00f1o pasado y el regreso a la actividad del torpedero de los Yanquis deber\u00e1 esperar hasta despu\u00e9s del Juego de Estrellas. El gerente de los Yanquis, Brian Cashman, inform\u00f3 ayer jueves que se encontr\u00f3 una peque\u00f1a fisura [&hellip;]<\/p>\n","protected":false},"author":3,"featured_media":0,"comment_status":"open","ping_status":"open","sticky":false,"template":"","format":"standard","meta":{"footnotes":""},"categories":[17],"tags":[],"class_list":["post-213819","post","type-post","status-publish","format-standard","hentry","category-deportes"],"_links":{"self":[{"href":"https:\/\/diariodominicano.com\/index.php?rest_route=\/wp\/v2\/posts\/213819","targetHints":{"allow":["GET"]}}],"collection":[{"href":"https:\/\/diariodominicano.com\/index.php?rest_route=\/wp\/v2\/posts"}],"about":[{"href":"https:\/\/diariodominicano.com\/index.php?rest_route=\/wp\/v2\/types\/post"}],"author":[{"embeddable":true,"href":"https:\/\/diariodominicano.com\/index.php?rest_route=\/wp\/v2\/users\/3"}],"replies":[{"embeddable":true,"href":"https:\/\/diariodominicano.com\/index.php?rest_route=%2Fwp%2Fv2%2Fcomments&post=213819"}],"version-history":[{"count":0,"href":"https:\/\/diariodominicano.com\/index.php?rest_route=\/wp\/v2\/posts\/213819\/revisions"}],"wp:attachment":[{"href":"https:\/\/diariodominicano.com\/index.php?rest_route=%2Fwp%2Fv2%2Fmedia&parent=213819"}],"wp:term":[{"taxonomy":"category","embeddable":true,"href":"https:\/\/diariodominicano.com\/index.php?rest_route=%2Fwp%2Fv2%2Fcategories&post=213819"},{"taxonomy":"post_tag","embeddable":true,"href":"https:\/\/diariodominicano.com\/index.php?rest_route=%2Fwp%2Fv2%2Ftags&post=213819"}],"curies":[{"name":"wp","href":"https:\/\/api.w.org\/{rel}","templated":true}]}}