{"id":213800,"date":"2013-04-22T05:38:28","date_gmt":"2013-04-22T05:38:28","guid":{"rendered":"http:\/\/diariodominicano.ddns.net\/?p=213800"},"modified":"2013-04-22T05:38:28","modified_gmt":"2013-04-22T05:38:28","slug":"luchador-olimpico-de-la-policia-nacional-sera-operado-en-hospital-ney-arias-lora","status":"publish","type":"post","link":"https:\/\/diariodominicano.com\/?p=213800","title":{"rendered":"Luchador ol\u00edmpico de la Polic\u00eda Nacional ser\u00e1 operado en Hospital Ney Arias Lora"},"content":{"rendered":"<p><body><\/p>\n<p><img decoding=\"async\" src=\"img3\/luchador210413.jpg\" \/>  <\/p>\n<p><span class=\"text1noticias\">SANTO DOMINGO, RD, 22 de Abril.- El  luchador ol\u00edmpico de la Polic\u00eda Nacional y ex medallista Centroamericano y del Caribe, \u00c1ngel Paulino Medina, ser\u00e1 operado en los pr\u00f3ximos d\u00edas por especialistas del Hospital Traumatol\u00f3gico Ney  Arias Lora, para corregirle una luxaci\u00f3n del hombro derecho.<\/span><\/p>\n<\/p>\n<p><span class=\"text1noticias\">Paulino Medina sufri\u00f3 la lesi\u00f3n durante los entrenamientos que realizaba con miras a su participaci\u00f3n en la competencia de lucha ol\u00edmpica, correspondiente a los Juegos Deportivos Militares 2013. Ante la situaci\u00f3n el luchador policial no podr\u00e1 participar en el citado evento.<\/span><\/p>\n<\/p>\n<p><span class=\"text1noticias\">El atleta ser\u00e1 intervenido por instrucciones del doctor F\u00e9lix Hern\u00e1ndez, director general del Hospital \u00abDr. Ney Arias Lora\u00bb, en atenci\u00f3n a una petici\u00f3n del periodista y gloria del deporte, Diego Pesqueira, quien es entrenador del equipo de lucha ol\u00edmpica de la Polic\u00eda Nacional.<\/span><\/p>\n<\/p>\n<p><span class=\"text1noticias\">La operaci\u00f3n ser\u00e1 realizada luego de conocer los resultados de los ex\u00e1menes y diagn\u00f3sticos correspondientes, a cargo del doctor Jaime Fern\u00e1ndez Dur\u00e1n, subdirector del centro de salud. <\/span><\/p>\n<\/p>\n<p><span class=\"text1noticias\">\u00abHaremos todo cuanto sea necesario para reparar la lesi\u00f3n sufrida por el atleta Paulino Medina, para que pueda continuar su carrera deportiva\u00bb, dijo el doctor Hern\u00e1ndez.<\/span><\/p>\n<\/p>\n<p><span class=\"text1noticias\">Mientras que Pesqueira agradeci\u00f3 la cooperaci\u00f3n ofrecida por las autoridades del Hospital Ney Arias Lora, en especial a la comunicadora Ada Guzm\u00e1n, y dijo confiar en que el atleta Paulino Medina podr\u00e1 reintegrase a la pr\u00e1ctica deportiva.<\/span><\/p>\n<\/p>\n<\/p>\n<h6> 2013-04-22 05:38:28 <\/h6>\n<p><!--\n<link rel=\"stylesheet\" href=\"css\/bootstrap.min.css\">\n\n\n<ul class=\"pagination\">\n\t    \n\t\n\n<li >\n\t<a href='?page_no=20909'>Previous<\/a>\n\t<\/li>\n\n\n       \n    \n\n<li><a href='?page_no=1'>1<\/a><\/li>\n\n\n\n<li><a href='?page_no=2'>2<\/a><\/li>\n\n\n\n<li><a>...<\/a><\/li>\n\n\n\n<li><a href='?page_no=20908'>20908<\/a><\/li>\n\n\n\n<li><a href='?page_no=20909'>20909<\/a><\/li>\n\n\n\n<li class='active'><a>20910<\/a><\/li>\n\n\n\n<li><a href='?page_no=20911'>20911<\/a><\/li>\n\n\n\n<li><a href='?page_no=20912'>20912<\/a><\/li>\n\n\n\n<li><a>...<\/a><\/li>\n\n\n\n<li><a href='?page_no=36618'>36618<\/a><\/li>\n\n\n\n<li><a href='?page_no=36619'>36619<\/a><\/li>\n\n    \n\t\n\n<li >\n\t<a href='?page_no=20911'>Next<\/a>\n\t<\/li>\n\n\n    \n\n<li><a href='?page_no=36619'>Last &rsaquo;&rsaquo;<\/a><\/li>\n\n<\/ul>\n\n\n--><br \/>\n<\/body><\/p>\n","protected":false},"excerpt":{"rendered":"<p>SANTO DOMINGO, RD, 22 de Abril.- El luchador ol\u00edmpico de la Polic\u00eda Nacional y ex medallista Centroamericano y del Caribe, \u00c1ngel Paulino Medina, ser\u00e1 operado en los pr\u00f3ximos d\u00edas por especialistas del Hospital Traumatol\u00f3gico Ney Arias Lora, para corregirle una luxaci\u00f3n del hombro derecho. Paulino Medina sufri\u00f3 la lesi\u00f3n durante los entrenamientos que realizaba con [&hellip;]<\/p>\n","protected":false},"author":3,"featured_media":0,"comment_status":"open","ping_status":"open","sticky":false,"template":"","format":"standard","meta":{"footnotes":""},"categories":[17],"tags":[],"class_list":["post-213800","post","type-post","status-publish","format-standard","hentry","category-deportes"],"_links":{"self":[{"href":"https:\/\/diariodominicano.com\/index.php?rest_route=\/wp\/v2\/posts\/213800","targetHints":{"allow":["GET"]}}],"collection":[{"href":"https:\/\/diariodominicano.com\/index.php?rest_route=\/wp\/v2\/posts"}],"about":[{"href":"https:\/\/diariodominicano.com\/index.php?rest_route=\/wp\/v2\/types\/post"}],"author":[{"embeddable":true,"href":"https:\/\/diariodominicano.com\/index.php?rest_route=\/wp\/v2\/users\/3"}],"replies":[{"embeddable":true,"href":"https:\/\/diariodominicano.com\/index.php?rest_route=%2Fwp%2Fv2%2Fcomments&post=213800"}],"version-history":[{"count":0,"href":"https:\/\/diariodominicano.com\/index.php?rest_route=\/wp\/v2\/posts\/213800\/revisions"}],"wp:attachment":[{"href":"https:\/\/diariodominicano.com\/index.php?rest_route=%2Fwp%2Fv2%2Fmedia&parent=213800"}],"wp:term":[{"taxonomy":"category","embeddable":true,"href":"https:\/\/diariodominicano.com\/index.php?rest_route=%2Fwp%2Fv2%2Fcategories&post=213800"},{"taxonomy":"post_tag","embeddable":true,"href":"https:\/\/diariodominicano.com\/index.php?rest_route=%2Fwp%2Fv2%2Ftags&post=213800"}],"curies":[{"name":"wp","href":"https:\/\/api.w.org\/{rel}","templated":true}]}}