{"id":213792,"date":"2013-04-22T21:19:42","date_gmt":"2013-04-22T21:19:42","guid":{"rendered":"http:\/\/diariodominicano.ddns.net\/?p=213792"},"modified":"2013-04-22T21:19:42","modified_gmt":"2013-04-22T21:19:42","slug":"r-d-se-corona-cinco-veces-campeon-del-torneo-el-mundialito-de-baloncesto","status":"publish","type":"post","link":"https:\/\/diariodominicano.com\/?p=213792","title":{"rendered":"R.D. se corona Cinco veces campe\u00f3n del torneo \u00abEl Mundialito\u00bb de baloncesto"},"content":{"rendered":"<p><body><\/p>\n<p><span class=\"text1noticias\"> <\/span><\/p>\n<p><span class=\"text1noticias\">Por: Oscar Jim\u00e9nez y Olmedo Pineda<\/span><\/p>\n<p><span class=\"text1noticias\"> <\/span><\/p>\n<p><span class=\"text1noticias\">Madrid, Espa\u00f1a, 22 de abril.- Rep\u00fablica Dominicana consigui\u00f3 este domingo su quinto trofeo en la VI edici\u00f3n del Mundialito de la Integraci\u00f3n en Madrid, con una puntuaci\u00f3n de 107 contra 56 de Suecia.<\/span><\/p>\n<p><span class=\"text1noticias\"> <\/span><\/p>\n<p><span class=\"text1noticias\">En esta oportunidad el pa\u00eds se llev\u00f3 los dos primeros lugares, tanto en categor\u00eda masculina como en femenina.<\/span><\/p>\n<p><span class=\"text1noticias\"> <\/span><\/p>\n<p><span class=\"text1noticias\">En el partido final estuvieron presentes el vicepresidente de la Federaci\u00f3n Espa\u00f1ola de Baloncesto (FEB) y el presidente de la Federaci\u00f3n de Baloncesto de Madrid, Juan Mart\u00edn Ca\u00f1o; el responsable de Relaciones Institucionales de la FEB, Fernando Romay; el director general de la Consejer\u00eda de Juventud y Deporte de la Comunidad de Madrid, Pablo Salazar, el alcalde de Alcobendas, Ignacio Garc\u00eda de Vinuesa, y el Dr. Frank Bencosme, C\u00f3nsul General de la Rep\u00fablica Dominicana en Madrid.<\/span><\/p>\n<p><span class=\"text1noticias\"> <\/span><\/p>\n<p><span class=\"text1noticias\">\u00abEsto es lo que pasa cuando al deporte y las actividades recreativas se les da la importancia que merecen. Estamos siguiendo en todo momento, las  directrices de nuestro Presidente Danilo Medina; seguimos apoyando con los recursos que sean necesarios, a todos  los j\u00f3venes deportistas que est\u00e9n  dispuestos a dar lo mejor de s\u00ed para seguir elevando el nombre de nuestro pa\u00eds en el extranjero\u00bb, coment\u00f3 el C\u00f3nsul.<\/span><\/p>\n<p><span class=\"text1noticias\"> <\/span><\/p>\n<p><span class=\"text1noticias\">La Rep\u00fablica Dominicana se llev\u00f3 la victoria en el torneo masculino despu\u00e9s de superar en la final a los suecos,  quienes s\u00f3lo aguantaron los primeros minutos del partido. Los quisqueyanos accedieron a la final despu\u00e9s de ganar las semifinales a Venezuela. De la misma manera Dominicana se alz\u00f3 con el t\u00edtulo femenino despu\u00e9s de derrotar a sus dos rivales: Ecuador y Bolivia.<\/span><\/p>\n<\/p>\n<p><span class=\"text1noticias\">La actividad deportiva, \u00abEl Mundialito\u00bb es un programa de la Fundaci\u00f3n FEB 2014 que tiene como objetivo garantizar la igualdad en el trato a los inmigrantes asentados en Espa\u00f1a, ayud\u00e1ndose a integrarse en su nuevo entorno social a trav\u00e9s de la pr\u00e1ctica del baloncesto. Es organizado junto con la Consejer\u00eda de Deportes de la Comunidad de Madrid; y cuenta con la colaboraci\u00f3n de la Federaci\u00f3n de Baloncesto de Madrid y la ONG Red Cooperaci\u00f3n y Deporte, la Fundaci\u00f3n Deporte Joven del Consejo Superior de Deportes y el Ayuntamiento de Alcobendas. Las cinco ediciones anteriores se celebraron en Madrid.<\/span><\/p>\n<\/p>\n<h6> 2013-04-22 21:19:42 <\/h6>\n<p><!--\n<link rel=\"stylesheet\" href=\"css\/bootstrap.min.css\">\n\n\n<ul class=\"pagination\">\n\t    \n\t\n\n<li >\n\t<a href='?page_no=20901'>Previous<\/a>\n\t<\/li>\n\n\n       \n    \n\n<li><a href='?page_no=1'>1<\/a><\/li>\n\n\n\n<li><a href='?page_no=2'>2<\/a><\/li>\n\n\n\n<li><a>...<\/a><\/li>\n\n\n\n<li><a href='?page_no=20900'>20900<\/a><\/li>\n\n\n\n<li><a href='?page_no=20901'>20901<\/a><\/li>\n\n\n\n<li class='active'><a>20902<\/a><\/li>\n\n\n\n<li><a href='?page_no=20903'>20903<\/a><\/li>\n\n\n\n<li><a href='?page_no=20904'>20904<\/a><\/li>\n\n\n\n<li><a>...<\/a><\/li>\n\n\n\n<li><a href='?page_no=36618'>36618<\/a><\/li>\n\n\n\n<li><a href='?page_no=36619'>36619<\/a><\/li>\n\n    \n\t\n\n<li >\n\t<a href='?page_no=20903'>Next<\/a>\n\t<\/li>\n\n\n    \n\n<li><a href='?page_no=36619'>Last &rsaquo;&rsaquo;<\/a><\/li>\n\n<\/ul>\n\n\n--><br \/>\n<\/body><\/p>\n","protected":false},"excerpt":{"rendered":"<p>Por: Oscar Jim\u00e9nez y Olmedo Pineda Madrid, Espa\u00f1a, 22 de abril.- Rep\u00fablica Dominicana consigui\u00f3 este domingo su quinto trofeo en la VI edici\u00f3n del Mundialito de la Integraci\u00f3n en Madrid, con una puntuaci\u00f3n de 107 contra 56 de Suecia. En esta oportunidad el pa\u00eds se llev\u00f3 los dos primeros lugares, tanto en categor\u00eda masculina como [&hellip;]<\/p>\n","protected":false},"author":3,"featured_media":0,"comment_status":"open","ping_status":"open","sticky":false,"template":"","format":"standard","meta":{"footnotes":""},"categories":[17],"tags":[],"class_list":["post-213792","post","type-post","status-publish","format-standard","hentry","category-deportes"],"_links":{"self":[{"href":"https:\/\/diariodominicano.com\/index.php?rest_route=\/wp\/v2\/posts\/213792","targetHints":{"allow":["GET"]}}],"collection":[{"href":"https:\/\/diariodominicano.com\/index.php?rest_route=\/wp\/v2\/posts"}],"about":[{"href":"https:\/\/diariodominicano.com\/index.php?rest_route=\/wp\/v2\/types\/post"}],"author":[{"embeddable":true,"href":"https:\/\/diariodominicano.com\/index.php?rest_route=\/wp\/v2\/users\/3"}],"replies":[{"embeddable":true,"href":"https:\/\/diariodominicano.com\/index.php?rest_route=%2Fwp%2Fv2%2Fcomments&post=213792"}],"version-history":[{"count":0,"href":"https:\/\/diariodominicano.com\/index.php?rest_route=\/wp\/v2\/posts\/213792\/revisions"}],"wp:attachment":[{"href":"https:\/\/diariodominicano.com\/index.php?rest_route=%2Fwp%2Fv2%2Fmedia&parent=213792"}],"wp:term":[{"taxonomy":"category","embeddable":true,"href":"https:\/\/diariodominicano.com\/index.php?rest_route=%2Fwp%2Fv2%2Fcategories&post=213792"},{"taxonomy":"post_tag","embeddable":true,"href":"https:\/\/diariodominicano.com\/index.php?rest_route=%2Fwp%2Fv2%2Ftags&post=213792"}],"curies":[{"name":"wp","href":"https:\/\/api.w.org\/{rel}","templated":true}]}}