{"id":213758,"date":"2013-04-26T18:29:50","date_gmt":"2013-04-26T18:29:50","guid":{"rendered":"http:\/\/diariodominicano.ddns.net\/?p=213758"},"modified":"2013-04-26T18:29:50","modified_gmt":"2013-04-26T18:29:50","slug":"marlins-de-arroyo-hondo-anuncian-invitacional-de-natacion","status":"publish","type":"post","link":"https:\/\/diariodominicano.com\/?p=213758","title":{"rendered":"Marlins de Arroyo Hondo anuncian invitacional de nataci\u00f3n&#13;"},"content":{"rendered":"<p><body><\/p>\n<p>Santo Domingo RD 26 abril.- El comit\u00e9 de padres del equipo de nataci\u00f3n Los Marlins del club Arroyo Hondo anunci\u00f3 la celebraci\u00f3n de su invitacional en su trig\u00e9sima s\u00e9ptima versi\u00f3n.<\/p>\n<\/p>\n<p>La justa, a desarrollarse este fin de semana, tendr\u00e1 una especial dedicatoria a su fundadora Isabel Rosario de la Maza (Lilibet). El evento  ser\u00e1 inaugurado ma\u00f1ana a las cuatro de la tarde en el complejo acu\u00e1tico del Centro Ol\u00edmpico Juan Pablo Duarte.<\/p>\n<\/p>\n<p>Accionar\u00e1n 500 atletas de las localidades de Santiago, San Crist\u00f3bal, La Romana y el Distrito Nacional, siendo el anfitri\u00f3n los Marlins del CAH, dirigido por Roberto Pe\u00f1a (Kury) y Julio G\u00f3mez.<\/p>\n<\/p>\n<p>Lo dijeron en la conferencia de prensa, Brigitte Jorge de Neder, presidente de la junta de directores del CAH;  Radham\u00e9s Tav\u00e1rez, presidente de la Federaci\u00f3n Dominicana de Nataci\u00f3n (FEDONA) y Johnny Mej\u00eda, ejecutivo del comit\u00e9 de padres y director de Deportes del Club Arroyo Hondo,  junto al doctor Francisco de la Rosa, en la direcci\u00f3n t\u00e9cnica y Luchi Josefina Dom\u00ednguez, secretaria del comit\u00e9 de padres de los MCAH.<\/p>\n<\/p>\n<p>El evento servir\u00e1  como marco de celebraci\u00f3n del aniversario n\u00famero 37 del equipo de Los Marlins y el estreno de su nueva  imagen, as\u00ed como el lanzamiento de las p\u00e1ginas de Facebook y web www.marlinsdearroyohondo.com, donde podr\u00e1n encontrar informaci\u00f3n sobre el equipo, atletas, entrenadores, actividades, haza\u00f1as y  la informaci\u00f3n relevante del deporte de la nataci\u00f3n local e internacional. <\/p>\n<\/p>\n<p>\u00abLos Marlins de Arroyo Hondo son ganadores de numerosos eventos, medallas y trofeos poniendo siempre en alto el nombre del pa\u00eds y del club\u00bb, dijo el presidente del comit\u00e9 de padres y director de deportes del club, ingeniero<\/p>\n<p>Johnny Mej\u00eda.<\/p>\n<h6> 2013-04-26 18:29:50 <\/h6>\n<p><!--\n<link rel=\"stylesheet\" href=\"css\/bootstrap.min.css\">\n\n\n<ul class=\"pagination\">\n\t    \n\t\n\n<li >\n\t<a href='?page_no=20867'>Previous<\/a>\n\t<\/li>\n\n\n       \n    \n\n<li><a href='?page_no=1'>1<\/a><\/li>\n\n\n\n<li><a href='?page_no=2'>2<\/a><\/li>\n\n\n\n<li><a>...<\/a><\/li>\n\n\n\n<li><a href='?page_no=20866'>20866<\/a><\/li>\n\n\n\n<li><a href='?page_no=20867'>20867<\/a><\/li>\n\n\n\n<li class='active'><a>20868<\/a><\/li>\n\n\n\n<li><a href='?page_no=20869'>20869<\/a><\/li>\n\n\n\n<li><a href='?page_no=20870'>20870<\/a><\/li>\n\n\n\n<li><a>...<\/a><\/li>\n\n\n\n<li><a href='?page_no=36618'>36618<\/a><\/li>\n\n\n\n<li><a href='?page_no=36619'>36619<\/a><\/li>\n\n    \n\t\n\n<li >\n\t<a href='?page_no=20869'>Next<\/a>\n\t<\/li>\n\n\n    \n\n<li><a href='?page_no=36619'>Last &rsaquo;&rsaquo;<\/a><\/li>\n\n<\/ul>\n\n\n--><br \/>\n<\/body><\/p>\n","protected":false},"excerpt":{"rendered":"<p>Santo Domingo RD 26 abril.- El comit\u00e9 de padres del equipo de nataci\u00f3n Los Marlins del club Arroyo Hondo anunci\u00f3 la celebraci\u00f3n de su invitacional en su trig\u00e9sima s\u00e9ptima versi\u00f3n. La justa, a desarrollarse este fin de semana, tendr\u00e1 una especial dedicatoria a su fundadora Isabel Rosario de la Maza (Lilibet). El evento ser\u00e1 inaugurado [&hellip;]<\/p>\n","protected":false},"author":3,"featured_media":0,"comment_status":"open","ping_status":"open","sticky":false,"template":"","format":"standard","meta":{"footnotes":""},"categories":[17],"tags":[],"class_list":["post-213758","post","type-post","status-publish","format-standard","hentry","category-deportes"],"_links":{"self":[{"href":"https:\/\/diariodominicano.com\/index.php?rest_route=\/wp\/v2\/posts\/213758","targetHints":{"allow":["GET"]}}],"collection":[{"href":"https:\/\/diariodominicano.com\/index.php?rest_route=\/wp\/v2\/posts"}],"about":[{"href":"https:\/\/diariodominicano.com\/index.php?rest_route=\/wp\/v2\/types\/post"}],"author":[{"embeddable":true,"href":"https:\/\/diariodominicano.com\/index.php?rest_route=\/wp\/v2\/users\/3"}],"replies":[{"embeddable":true,"href":"https:\/\/diariodominicano.com\/index.php?rest_route=%2Fwp%2Fv2%2Fcomments&post=213758"}],"version-history":[{"count":0,"href":"https:\/\/diariodominicano.com\/index.php?rest_route=\/wp\/v2\/posts\/213758\/revisions"}],"wp:attachment":[{"href":"https:\/\/diariodominicano.com\/index.php?rest_route=%2Fwp%2Fv2%2Fmedia&parent=213758"}],"wp:term":[{"taxonomy":"category","embeddable":true,"href":"https:\/\/diariodominicano.com\/index.php?rest_route=%2Fwp%2Fv2%2Fcategories&post=213758"},{"taxonomy":"post_tag","embeddable":true,"href":"https:\/\/diariodominicano.com\/index.php?rest_route=%2Fwp%2Fv2%2Ftags&post=213758"}],"curies":[{"name":"wp","href":"https:\/\/api.w.org\/{rel}","templated":true}]}}