{"id":213743,"date":"2013-04-29T16:55:03","date_gmt":"2013-04-29T16:55:03","guid":{"rendered":"http:\/\/diariodominicano.ddns.net\/?p=213743"},"modified":"2013-04-29T16:55:03","modified_gmt":"2013-04-29T16:55:03","slug":"negre-garantiza-partidos-clasificatorios-de-hockey-en-rd","status":"publish","type":"post","link":"https:\/\/diariodominicano.com\/?p=213743","title":{"rendered":"Negre garantiza partidos clasificatorios de hockey en RD"},"content":{"rendered":"<p><body><\/p>\n<p><img decoding=\"async\" src=\"img3\/Negre.JPG\" \/>  <\/p>\n<p><span class=\"text1noticias\">Santo Domingo, RD, 29 de Abril.-El presidente de la Federaci\u00f3n Internacional de Hockey garantiz\u00f3 montar en el pa\u00eds eventos clasificatorios de la Liga Mundial de ese deporte, durante una visita que hiciera al Comit\u00e9 Ol\u00edmpico Dominicano (COD), donde abord\u00f3 diversos temas de esta disciplina.<\/span><\/p>\n<\/p>\n<p><span class=\"text1noticias\">Durante un encuentro con directivos del COD, el espa\u00f1ol Leandro Negre dijo que para poder colocar a la Rep\u00fablica Dominicana en el calendario de las paradas clasificatorias necesariamente hay que acondicionar la cancha de hockey del Parque del Este.<\/span><\/p>\n<\/p>\n<p><span class=\"text1noticias\">\u00abLo que estamos buscando es que haya m\u00e1s universalidad, mayor apertura del hockey\u00bb, sostuvo Negre al conversar con Luis Mej\u00eda y Antonio Acosta, presidente y secretario general del COD, respectivamente.<\/span><\/p>\n<\/p>\n<p><span class=\"text1noticias\">Negre, quien tiene planes de montar un Centro de Desarrollo del Hockey en el pa\u00eds, explic\u00f3 que la Rep\u00fablica Dominicana es un pa\u00eds estrat\u00e9gico y que los planes que tiene en carpeta el organismo que dirige pretende darle vida a este deporte en el \u00e1rea del Caribe. \u00abSi lo logramos, podremos obtener muchos resultados\u00bb, agreg\u00f3.<\/span><\/p>\n<\/p>\n<p><span class=\"text1noticias\">Mientras, el presidente del COD valor\u00f3 como positiva la iniciativa de la Federaci\u00f3n Internacional de Hockey y dej\u00f3 abierto el abanico para facilitar lo que se amerite para el desarrollo de esta disciplina.<\/span><\/p>\n<p><span class=\"text1noticias\">\u00abEstos planes estrat\u00e9gicos abarcar\u00e1 no solo a la Rep\u00fablica Dominicana, sino tambi\u00e9n a la regi\u00f3n\u00bb, dijo Mej\u00eda durante el encuentro con Negre.<\/span><\/p>\n<\/p>\n<p><span class=\"text1noticias\">El m\u00e1ximo directivo del hockey internacional se\u00f1al\u00f3 que lo primero que manda en la cancha del Parque del Este es cambiar el piso de la cancha y que para esos fines tiene planteamientos donde la federaci\u00f3n internacional har\u00eda su aporte y que el Gobierno dominicano tambi\u00e9n tendr\u00eda que estar integrado.<\/span><\/p>\n<\/p>\n<p><span class=\"text1noticias\">Explic\u00f3 que el acondicionamiento de la cancha del Parque del Este dejar\u00eda las puertas abiertas a la Federaci\u00f3n Internacional de Hockey para montar en el pa\u00eds torneos oficiales en la regi\u00f3n, al tiempo que contribuir\u00edan al desarrollo de este deporte.<\/span><\/p>\n<\/p>\n<p><span class=\"text1noticias\">Negre hizo un recorrido, junto al comit\u00e9 ejecutivo de la Fedohockey, por las diferentes provincias del pa\u00eds donde se practica el hockey, entre las que se incluy\u00f3 a La Romana, San Pedro de Macor\u00eds, Hato Mayor, Pedro Brand.(HG)<\/span>.<\/p>\n<\/p>\n<h6> 2013-04-29 16:55:03 <\/h6>\n<p><!--\n<link rel=\"stylesheet\" href=\"css\/bootstrap.min.css\">\n\n\n<ul class=\"pagination\">\n\t    \n\t\n\n<li >\n\t<a href='?page_no=20852'>Previous<\/a>\n\t<\/li>\n\n\n       \n    \n\n<li><a href='?page_no=1'>1<\/a><\/li>\n\n\n\n<li><a href='?page_no=2'>2<\/a><\/li>\n\n\n\n<li><a>...<\/a><\/li>\n\n\n\n<li><a href='?page_no=20851'>20851<\/a><\/li>\n\n\n\n<li><a href='?page_no=20852'>20852<\/a><\/li>\n\n\n\n<li class='active'><a>20853<\/a><\/li>\n\n\n\n<li><a href='?page_no=20854'>20854<\/a><\/li>\n\n\n\n<li><a href='?page_no=20855'>20855<\/a><\/li>\n\n\n\n<li><a>...<\/a><\/li>\n\n\n\n<li><a href='?page_no=36618'>36618<\/a><\/li>\n\n\n\n<li><a href='?page_no=36619'>36619<\/a><\/li>\n\n    \n\t\n\n<li >\n\t<a href='?page_no=20854'>Next<\/a>\n\t<\/li>\n\n\n    \n\n<li><a href='?page_no=36619'>Last &rsaquo;&rsaquo;<\/a><\/li>\n\n<\/ul>\n\n\n--><br \/>\n<\/body><\/p>\n","protected":false},"excerpt":{"rendered":"<p>Santo Domingo, RD, 29 de Abril.-El presidente de la Federaci\u00f3n Internacional de Hockey garantiz\u00f3 montar en el pa\u00eds eventos clasificatorios de la Liga Mundial de ese deporte, durante una visita que hiciera al Comit\u00e9 Ol\u00edmpico Dominicano (COD), donde abord\u00f3 diversos temas de esta disciplina. Durante un encuentro con directivos del COD, el espa\u00f1ol Leandro Negre [&hellip;]<\/p>\n","protected":false},"author":3,"featured_media":0,"comment_status":"open","ping_status":"open","sticky":false,"template":"","format":"standard","meta":{"footnotes":""},"categories":[17],"tags":[],"class_list":["post-213743","post","type-post","status-publish","format-standard","hentry","category-deportes"],"_links":{"self":[{"href":"https:\/\/diariodominicano.com\/index.php?rest_route=\/wp\/v2\/posts\/213743","targetHints":{"allow":["GET"]}}],"collection":[{"href":"https:\/\/diariodominicano.com\/index.php?rest_route=\/wp\/v2\/posts"}],"about":[{"href":"https:\/\/diariodominicano.com\/index.php?rest_route=\/wp\/v2\/types\/post"}],"author":[{"embeddable":true,"href":"https:\/\/diariodominicano.com\/index.php?rest_route=\/wp\/v2\/users\/3"}],"replies":[{"embeddable":true,"href":"https:\/\/diariodominicano.com\/index.php?rest_route=%2Fwp%2Fv2%2Fcomments&post=213743"}],"version-history":[{"count":0,"href":"https:\/\/diariodominicano.com\/index.php?rest_route=\/wp\/v2\/posts\/213743\/revisions"}],"wp:attachment":[{"href":"https:\/\/diariodominicano.com\/index.php?rest_route=%2Fwp%2Fv2%2Fmedia&parent=213743"}],"wp:term":[{"taxonomy":"category","embeddable":true,"href":"https:\/\/diariodominicano.com\/index.php?rest_route=%2Fwp%2Fv2%2Fcategories&post=213743"},{"taxonomy":"post_tag","embeddable":true,"href":"https:\/\/diariodominicano.com\/index.php?rest_route=%2Fwp%2Fv2%2Ftags&post=213743"}],"curies":[{"name":"wp","href":"https:\/\/api.w.org\/{rel}","templated":true}]}}