{"id":213741,"date":"2013-04-29T19:09:48","date_gmt":"2013-04-29T19:09:48","guid":{"rendered":"http:\/\/diariodominicano.ddns.net\/?p=213741"},"modified":"2013-04-29T19:09:48","modified_gmt":"2013-04-29T19:09:48","slug":"fernandez-mirabal-resalta-politica-fomento-de-fedombal-y-abadina","status":"publish","type":"post","link":"https:\/\/diariodominicano.com\/?p=213741","title":{"rendered":"Fern\u00e1ndez Mirabal resalta pol\u00edtica fomento de Fedombal y Abadina"},"content":{"rendered":"<p><body><\/p>\n<p><img decoding=\"async\" src=\"img3\/RosaDuarteMirabal.jpg\" \/>  <\/p>\n<p><span class=\"text1noticias\">Santo Domingo, RD, 29 de Abril.- El ministro de Deportes Jaime David Fern\u00e1ndez Mirabal resalt\u00f3 el trabajo de fomento que realizan la Federaci\u00f3n Dominicana de Baloncesto (Fedombal) y la Asociaci\u00f3n de este deporte del Distrito Nacional (Abadina), que en este momento realizan con \u00e9xito los torneos provinciales de la categor\u00eda U-17.<\/span><\/p>\n<\/p>\n<p><span class=\"text1noticias\">Al observar el lunes la ebullici\u00f3n competitiva del Torneo de la Abadina en las reci\u00e9n remozadas canchas abiertas del Centro Ol\u00edmpico Juan Pablo Duarte, el doctor Fern\u00e1ndez Mirabar felicit\u00f3 a las dos instituciones del baloncesto, porque entiende que est\u00e1n aplicando una pol\u00edtica de fomento, lo cual entiende es lo que le va a dar mayor avance al pa\u00eds en materia deportiva.<\/span><\/p>\n<\/p>\n<p><span class=\"text1noticias\">\u00abEsto es lo que hay que hacer todo el pa\u00eds\u00bb, indic\u00f3 el ex vicepresidente de la Rep\u00fablica, quien asegur\u00f3 que esa pol\u00edtica de fomento se est\u00e1 haciendo en las provincias Pedernales, Dajab\u00f3n, El\u00edas Pi\u00f1a, en el Distrito Nacional y en muchos otros pueblos: \u00abfomentar todas las categor\u00edas del deporte\u00bb.<\/span><\/p>\n<\/p>\n<p><span class=\"text1noticias\">\u00abEse es el deporte, porque hay muchos que tienen mucha preocupaci\u00f3n solo por viajar, pero hay que fomentar, hay que crear una base desde la escuela\u00bb, sustent\u00f3 Fern\u00e1ndez Mirabal, quien hizo un recorrido por los distintos escenarios del Centro Ol\u00edmpico, donde el lunes hubo actividad deportiva federativa.<\/span><\/p>\n<\/p>\n<p><span class=\"text1noticias\">Observ\u00f3 que con la creaci\u00f3n de la Escuela Nacional de Minibasket y con la habilitaci\u00f3n de todas las canchas abiertas del Centro Ol\u00edmpico por parte del Ministerio de Deportes, se ve la masificaci\u00f3n y el buen uso que le est\u00e1n dando la Fedombal y la Abadina, que presiden de manera respectiva, el ingeniero Rafael Uribe y el profesor Ram\u00f3n  Rodr\u00edguez.<\/span><\/p>\n<\/p>\n<p><span class=\"text1noticias\"> \u00abEsto es lo que puede darle a la Rep\u00fablica Dominicana cada vez m\u00e1s avance en el deporte, el fomento y el desarrollo\u00bb, acot\u00f3 el ministro.<\/span><\/p>\n<\/p>\n<p><span class=\"text1noticias\">El torneo U-17 de baloncesto de la Abadina comenz\u00f3 el viernes con 42 conjuntos masculinos de igual cantidad de clubes, con 12 jugadores cada uno, m\u00e1s tres suplentes. Se jug\u00f3 s\u00e1bado, domingo y lunes y continuar\u00e1 con el pr\u00f3ximo fin de semana con su etapa clasificatoria.<\/span><\/p>\n<\/p>\n<p><span class=\"text1noticias\">Los 42 clubes est\u00e1n divididos en grupos de seis y de cada uno clasificar\u00e1n dos para la siguiente etapa. Tambi\u00e9n incluye una versi\u00f3n femenina, por comenzar, en el que intervendr\u00e1n los clubes San L\u00e1zaro, \u00c1guilas de Guachupita, Ensanche Luper\u00f3n y Rafael Varias.(HG)<\/span>.<\/p>\n<h6> 2013-04-29 19:09:48 <\/h6>\n<p><!--\n<link rel=\"stylesheet\" href=\"css\/bootstrap.min.css\">\n\n\n<ul class=\"pagination\">\n\t    \n\t\n\n<li >\n\t<a href='?page_no=20850'>Previous<\/a>\n\t<\/li>\n\n\n       \n    \n\n<li><a href='?page_no=1'>1<\/a><\/li>\n\n\n\n<li><a href='?page_no=2'>2<\/a><\/li>\n\n\n\n<li><a>...<\/a><\/li>\n\n\n\n<li><a href='?page_no=20849'>20849<\/a><\/li>\n\n\n\n<li><a href='?page_no=20850'>20850<\/a><\/li>\n\n\n\n<li class='active'><a>20851<\/a><\/li>\n\n\n\n<li><a href='?page_no=20852'>20852<\/a><\/li>\n\n\n\n<li><a href='?page_no=20853'>20853<\/a><\/li>\n\n\n\n<li><a>...<\/a><\/li>\n\n\n\n<li><a href='?page_no=36618'>36618<\/a><\/li>\n\n\n\n<li><a href='?page_no=36619'>36619<\/a><\/li>\n\n    \n\t\n\n<li >\n\t<a href='?page_no=20852'>Next<\/a>\n\t<\/li>\n\n\n    \n\n<li><a href='?page_no=36619'>Last &rsaquo;&rsaquo;<\/a><\/li>\n\n<\/ul>\n\n\n--><br \/>\n<\/body><\/p>\n","protected":false},"excerpt":{"rendered":"<p>Santo Domingo, RD, 29 de Abril.- El ministro de Deportes Jaime David Fern\u00e1ndez Mirabal resalt\u00f3 el trabajo de fomento que realizan la Federaci\u00f3n Dominicana de Baloncesto (Fedombal) y la Asociaci\u00f3n de este deporte del Distrito Nacional (Abadina), que en este momento realizan con \u00e9xito los torneos provinciales de la categor\u00eda U-17. Al observar el lunes [&hellip;]<\/p>\n","protected":false},"author":3,"featured_media":0,"comment_status":"open","ping_status":"open","sticky":false,"template":"","format":"standard","meta":{"footnotes":""},"categories":[17],"tags":[],"class_list":["post-213741","post","type-post","status-publish","format-standard","hentry","category-deportes"],"_links":{"self":[{"href":"https:\/\/diariodominicano.com\/index.php?rest_route=\/wp\/v2\/posts\/213741","targetHints":{"allow":["GET"]}}],"collection":[{"href":"https:\/\/diariodominicano.com\/index.php?rest_route=\/wp\/v2\/posts"}],"about":[{"href":"https:\/\/diariodominicano.com\/index.php?rest_route=\/wp\/v2\/types\/post"}],"author":[{"embeddable":true,"href":"https:\/\/diariodominicano.com\/index.php?rest_route=\/wp\/v2\/users\/3"}],"replies":[{"embeddable":true,"href":"https:\/\/diariodominicano.com\/index.php?rest_route=%2Fwp%2Fv2%2Fcomments&post=213741"}],"version-history":[{"count":0,"href":"https:\/\/diariodominicano.com\/index.php?rest_route=\/wp\/v2\/posts\/213741\/revisions"}],"wp:attachment":[{"href":"https:\/\/diariodominicano.com\/index.php?rest_route=%2Fwp%2Fv2%2Fmedia&parent=213741"}],"wp:term":[{"taxonomy":"category","embeddable":true,"href":"https:\/\/diariodominicano.com\/index.php?rest_route=%2Fwp%2Fv2%2Fcategories&post=213741"},{"taxonomy":"post_tag","embeddable":true,"href":"https:\/\/diariodominicano.com\/index.php?rest_route=%2Fwp%2Fv2%2Ftags&post=213741"}],"curies":[{"name":"wp","href":"https:\/\/api.w.org\/{rel}","templated":true}]}}