{"id":213731,"date":"2013-04-30T23:49:33","date_gmt":"2013-04-30T23:49:33","guid":{"rendered":"http:\/\/diariodominicano.ddns.net\/?p=213731"},"modified":"2013-04-30T23:49:33","modified_gmt":"2013-04-30T23:49:33","slug":"gimnasiada-ritmica-realiza-convivio-en-san-cristobal","status":"publish","type":"post","link":"https:\/\/diariodominicano.com\/?p=213731","title":{"rendered":"Gimnasiada R\u00edtmica realiza convivi\u00f3 en San Crist\u00f3bal"},"content":{"rendered":"<p><body><\/p>\n<p><img decoding=\"async\" src=\"img3\/gimsasiada.JPG\" \/>  <\/p>\n<p><span class=\"text1noticias\">San Crist\u00f3bal, RD, 30 de Abril.-El Director Provincial de Deportes y expertos en Educaci\u00f3n F\u00edsica, licenciado Wilson Elizardo D\u00edaz Valdez calific\u00f3 de exitoso el I Convivi\u00f3 de Gimnasiada R\u00edtmica, efectuado el pasado domingo.<\/span><\/p>\n<\/p>\n<p><span class=\"text1noticias\">Dicho evento que cont\u00f3 con el apoyo del ministerio de deportes y la organizaci\u00f3n de La Federaci\u00f3n Dominicana de Gimnasiada R\u00edtmica, la cual se convirti\u00f3 en una gran fiesta del deporte con una participaci\u00f3n de 400 Estudiantes Infantiles y Juveniles representando por 20 Centros Educativos del Distrito Educativo de San Crist\u00f3bal.<\/span><\/p>\n<\/p>\n<p><span class=\"text1noticias\">El Convivi\u00f3 estuvo encabezado por el Dr. Jaime David Fern\u00e1ndez Mirabal Ministro de Deportes, El Profesor Wilson Elizardo D\u00edaz, Director de Deportes de la Provincia de San Crist\u00f3bal y Presidente de la Federaci\u00f3n Dominicana de Gimnasiada R\u00edtmica, la Cuba Maestra Sara Alarc\u00f3n Directora T\u00e9cnico del Evento, el Presidente de la C\u00e1mara de comercio y Producci\u00f3n de San Crist\u00f3bal, Lic. Elia Ramona Decena Coordinadora Administrativa y en Encargada de Instalaciones de la Provincia, Lic. C\u00e1ndida Asencio Coordinadora T\u00e9cnico Provincial, Mariam Isabel Directora Regional de la Juventud, Andy Lorenzo Director Provincial de la Juventud, David Dionisio Administrador del Polideportivo de S. C. Jes\u00fas P\u00e9rez, encargado de Mantenimiento de Instalaciones Deportivas de la Provincia, Lic. Tomas Renville Regidor Ayuntamiento Municipal de Cambita, entre otros Directores, Profesores de educaci\u00f3n F\u00edsica de Centros Educativos, etc.<\/span><\/p>\n<\/p>\n<p><span class=\"text1noticias\">El acto protocolar inicio con la inauguraci\u00f3n de un interesante desfile encabezado por un hermoso Grupo de Abanderadas del Liceo Enedina Puello Renville,  seguido por las representaciones de los Centros Educativos participantes en el Convivio de Gimnasiada R\u00edtmica, la Escuela Juan Pablo Pina, Jos\u00e9 Mar\u00eda Alejandro Pichardo, Manuel Mar\u00eda Valencia, Villa Fundaci\u00f3n, \u00c1ngel Mar\u00eda de la Rosa, Madre Vieja Sur, Marcos Casta\u00f1er, San Rafael, los Montones II, Mano Matuey, Jos\u00e9 Francisco Pe\u00f1a G\u00f3mez y Los Liceos Daniela Castillo, Enedina Puello Renville, Felipe Pozo Linares, Marcos Casta\u00f1er, entre otros.<\/span><\/p>\n<\/p>\n<p><span class=\"text1noticias\">Despu\u00e9s de la entrada de los centros, se escucho la nota m\u00e1s hermosa del mundo de nuestro Himno Nacional, para Luego hacer la Oraci\u00f3n de Gracias que estuvo a cargo del Lic. F\u00e9lix Perdomo, Asesor Regional de Educaci\u00f3n F\u00edsica y quien estuvo en representaci\u00f3n de la Maestra Dignora Cabrera, Directora Regional de Educaci\u00f3n 04 San Crist\u00f3bal.<\/span><\/p>\n<\/p>\n<p><span class=\"text1noticias\">El Profesor Wilson Elizardo D\u00edaz, Director De Deportes de la Provincia de San Crist\u00f3bal y Presidente de la Federaci\u00f3n Dominicana de Gimnasiada R\u00edtmica, pronuncio las Palabras de  Bienvenidas a los presentes, en la que expreso de la importancia de este deporte para los ni\u00f1os, j\u00f3venes y adultos y al estudiantados en general, por los valores que promueve entre sus practicantes, prevenci\u00f3n de la salud y facilita un mejor rendimiento en la asimilaci\u00f3n de la educaci\u00f3n, agradeci\u00f3 el apoyo del Ministro de Deportes Dr. Jaime David Fern\u00e1ndez Mirabal, al que felicito por su gran labor en los diversos programas que viene desarrollando en esa cartera, tal y como son el rescate de la instalaciones deportivas la cual eran inservible, los programa de apoyo al deporte escolar, salud y deportes, deportes de alta Rendimiento, deporte inclusivo, etc.<\/span><\/p>\n<\/p>\n<p><span class=\"text1noticias\">Wilson D\u00edaz, dijo que sin deportes, no hay salud y sin salud no hay educaci\u00f3n, y sin educaci\u00f3n no hay progreso, vamos a unirnos todos en una gran cruzada apoyar la Gimnasiada R\u00edtmica y el deportes para llevarlo a todos los rincones del pa\u00eds como lo quiere nuestro presidente Licenciado Danilo Medina y lo Ejecuta con gran visi\u00f3n el Dr. Jaime David Fern\u00e1ndez Mirabal.<\/span><\/p>\n<\/p>\n<p><span class=\"text1noticias\">Las mejores puntuaciones en el convivio la obtuvieron en B\u00e1sica la Escuela Manuel Mar\u00eda Valencia con 364 puntos en 1er lugar, Escuela Jos\u00e9 Mar\u00eda Alejandro Pichardo quedo con 361 puntos en 2do lugar y la Esc. San Rafael con 353 puntos en 3er lugar.<\/span><\/p>\n<\/p>\n<p><span class=\"text1noticias\">En B\u00e1sica el Liceo Vespertino Enedina Puello Renville II con 418 puntos en 1er lugar, Liceo Vespertino Enedina Puello Renville I quedo con 416 puntos en 2do lugar y Liceo Vespertino Felipe Pozo Linares con 368 puntos en 3er lugar.(HG)<\/span>.<\/p>\n<\/p>\n<\/p>\n<h6> 2013-04-30 23:49:33 <\/h6>\n<p><!--\n<link rel=\"stylesheet\" href=\"css\/bootstrap.min.css\">\n\n\n<ul class=\"pagination\">\n\t    \n\t\n\n<li >\n\t<a href='?page_no=20840'>Previous<\/a>\n\t<\/li>\n\n\n       \n    \n\n<li><a href='?page_no=1'>1<\/a><\/li>\n\n\n\n<li><a href='?page_no=2'>2<\/a><\/li>\n\n\n\n<li><a>...<\/a><\/li>\n\n\n\n<li><a href='?page_no=20839'>20839<\/a><\/li>\n\n\n\n<li><a href='?page_no=20840'>20840<\/a><\/li>\n\n\n\n<li class='active'><a>20841<\/a><\/li>\n\n\n\n<li><a href='?page_no=20842'>20842<\/a><\/li>\n\n\n\n<li><a href='?page_no=20843'>20843<\/a><\/li>\n\n\n\n<li><a>...<\/a><\/li>\n\n\n\n<li><a href='?page_no=36618'>36618<\/a><\/li>\n\n\n\n<li><a href='?page_no=36619'>36619<\/a><\/li>\n\n    \n\t\n\n<li >\n\t<a href='?page_no=20842'>Next<\/a>\n\t<\/li>\n\n\n    \n\n<li><a href='?page_no=36619'>Last &rsaquo;&rsaquo;<\/a><\/li>\n\n<\/ul>\n\n\n--><br \/>\n<\/body><\/p>\n","protected":false},"excerpt":{"rendered":"<p>San Crist\u00f3bal, RD, 30 de Abril.-El Director Provincial de Deportes y expertos en Educaci\u00f3n F\u00edsica, licenciado Wilson Elizardo D\u00edaz Valdez calific\u00f3 de exitoso el I Convivi\u00f3 de Gimnasiada R\u00edtmica, efectuado el pasado domingo. Dicho evento que cont\u00f3 con el apoyo del ministerio de deportes y la organizaci\u00f3n de La Federaci\u00f3n Dominicana de Gimnasiada R\u00edtmica, la [&hellip;]<\/p>\n","protected":false},"author":3,"featured_media":0,"comment_status":"open","ping_status":"open","sticky":false,"template":"","format":"standard","meta":{"footnotes":""},"categories":[17],"tags":[],"class_list":["post-213731","post","type-post","status-publish","format-standard","hentry","category-deportes"],"_links":{"self":[{"href":"https:\/\/diariodominicano.com\/index.php?rest_route=\/wp\/v2\/posts\/213731","targetHints":{"allow":["GET"]}}],"collection":[{"href":"https:\/\/diariodominicano.com\/index.php?rest_route=\/wp\/v2\/posts"}],"about":[{"href":"https:\/\/diariodominicano.com\/index.php?rest_route=\/wp\/v2\/types\/post"}],"author":[{"embeddable":true,"href":"https:\/\/diariodominicano.com\/index.php?rest_route=\/wp\/v2\/users\/3"}],"replies":[{"embeddable":true,"href":"https:\/\/diariodominicano.com\/index.php?rest_route=%2Fwp%2Fv2%2Fcomments&post=213731"}],"version-history":[{"count":0,"href":"https:\/\/diariodominicano.com\/index.php?rest_route=\/wp\/v2\/posts\/213731\/revisions"}],"wp:attachment":[{"href":"https:\/\/diariodominicano.com\/index.php?rest_route=%2Fwp%2Fv2%2Fmedia&parent=213731"}],"wp:term":[{"taxonomy":"category","embeddable":true,"href":"https:\/\/diariodominicano.com\/index.php?rest_route=%2Fwp%2Fv2%2Fcategories&post=213731"},{"taxonomy":"post_tag","embeddable":true,"href":"https:\/\/diariodominicano.com\/index.php?rest_route=%2Fwp%2Fv2%2Ftags&post=213731"}],"curies":[{"name":"wp","href":"https:\/\/api.w.org\/{rel}","templated":true}]}}