{"id":213730,"date":"2013-05-01T00:09:09","date_gmt":"2013-05-01T00:09:09","guid":{"rendered":"http:\/\/diariodominicano.ddns.net\/?p=213730"},"modified":"2013-05-01T00:09:09","modified_gmt":"2013-05-01T00:09:09","slug":"escogen-a-junior-arias-noboa-como-el-nuevo-presidente-de-asonaliclu","status":"publish","type":"post","link":"https:\/\/diariodominicano.com\/?p=213730","title":{"rendered":"Escogen a Junior Arias Noboa como el nuevo presidente de ASONALICLU"},"content":{"rendered":"<p><body><\/p>\n<p><img decoding=\"async\" src=\"img3\/Junior.JPG\" \/>  <\/p>\n<p><span class=\"text1noticias\">Santo Domingo, RD, 30 de Abril.-La Asociaci\u00f3n Nacional de Ligas y Clubes (ASONALICLU) escogi\u00f3 como  nuevo presidente del Comit\u00e9 Ejecutivo de la entidad al deportista Junior Arias Noboa, en sustituci\u00f3n del doctor Luis Sch\u00e9ker Ortiz, quien en lo adelante se desempe\u00f1ar\u00e1 como asesor y miembro de honor de la entidad.<\/span><\/p>\n<\/p>\n<p><span class=\"text1noticias\">Arias Noboa, un joven dirigente que ha demostrado gran capacidad, fue elegido, luego de que fuera sometido a la asamblea, la escogencia del sustituto del doctor Scheker Ortiz, quien remiti\u00f3 una carta al Comit\u00e9 Ejecutivo, en el que ped\u00eda que sea aceptada su renuncia por sus m\u00faltiples ocupaciones.<\/span><\/p>\n<\/p>\n<p><span class=\"text1noticias\">Entre otras cosas que cita en su carta el doctor Scheker Ortiz refiere la responsabilidad que ostenta en varias instituciones, as\u00ed como el ejercicio de su carrera profesional.<\/span><\/p>\n<\/p>\n<p><span class=\"text1noticias\">Luego de que la asamblea aceptara la petici\u00f3n del doctor Sch\u00e9ker Ortiz, el inmortal del deporte, Mois\u00e9s Lembert, propuso que se quedara en la organizaci\u00f3n como asesor y miembro de honor, lo cual fue aceptado a unanimidad por la asamblea.<\/span><\/p>\n<\/p>\n<p><span class=\"text1noticias\">El nuevo presidente de ASONALICLU, se desempe\u00f1aba como segundo vicepresidente, cargo que pasa a ocupar ahora el profesor Juan Valdez Mena, quien antes era primer vocal.<\/span><\/p>\n<\/p>\n<p><span class=\"text1noticias\">En lugar del profesor Valdez Mena, ocupar\u00e1 la posici\u00f3n de primer vocal el doctor Juan Moreno, una persona de mucho arraigo en el movimiento deportivo.<\/span><\/p>\n<\/p>\n<p><span class=\"text1noticias\">Acompa\u00f1ar\u00e1n a Arias Noboa en la directiva, el general Marcos A. Jim\u00e9nez, primer vicepresidente; Juan Valdez Mena, segundo vicepresidente; Am\u00edn Angeles, secretario general; doctor Bienvenido Montero de los Santos, tesorero; el inmortal del deporte, Mois\u00e9s Lembert, director ejecutivo y t\u00e9cnico; Ram\u00f3n Calca\u00f1o, director de comunicaciones; doctor Juan Moreno, primer vocal; el inmortal del deporte, Orlando-Beb\u00e9-Guerrero, segundo vocal; Dar\u00edo Figuereo, tercero vocal y Juan de la Cruz, cuarto vocal.<\/span><\/p>\n<\/p>\n<p><span class=\"text1noticias\">Arias Noboa y los nuevos directivos de ASONALICLU, fueron juramentados por el doctor Bienvenido Montero de los Santos, tesorero de la entidad.<\/span><\/p>\n<\/p>\n<p><span class=\"text1noticias\">\u00abMucho antes de nuestra elecci\u00f3n ya ven\u00edamos trabajando para que esta instituci\u00f3n se encamine por buenos senderos\u00bb, dijo Arias Noboa en su discurso.<\/span><\/p>\n<\/p>\n<p><span class=\"text1noticias\">Sostuvo que para \u00e9l no resulta f\u00e1cil sustituir a un hombre de tanto peso en la sociedad como el doctor Sch\u00e9ker Ortiz.<\/span><\/p>\n<\/p>\n<p><span class=\"text1noticias\">\u00abEl estar acompa\u00f1ado de tantas personas de alto nivel nos da la oportunidad de trabajar a nuestras anchas\u00bb, sostuvo Junior Arias Noboa.<\/span><\/p>\n<\/p>\n<p><span class=\"text1noticias\">Ponder\u00f3 el legado dejado por el doctor Sch\u00e9ker Ort\u00edz, indicando que desde la instituci\u00f3n se han realizado grandes cosas en beneficio del deporte y de la ni\u00f1ez y la juventud.(HG)<\/span>.<\/p>\n<\/p>\n<h6> 2013-05-01 00:09:09 <\/h6>\n<p><!--\n<link rel=\"stylesheet\" href=\"css\/bootstrap.min.css\">\n\n\n<ul class=\"pagination\">\n\t    \n\t\n\n<li >\n\t<a href='?page_no=20839'>Previous<\/a>\n\t<\/li>\n\n\n       \n    \n\n<li><a href='?page_no=1'>1<\/a><\/li>\n\n\n\n<li><a href='?page_no=2'>2<\/a><\/li>\n\n\n\n<li><a>...<\/a><\/li>\n\n\n\n<li><a href='?page_no=20838'>20838<\/a><\/li>\n\n\n\n<li><a href='?page_no=20839'>20839<\/a><\/li>\n\n\n\n<li class='active'><a>20840<\/a><\/li>\n\n\n\n<li><a href='?page_no=20841'>20841<\/a><\/li>\n\n\n\n<li><a href='?page_no=20842'>20842<\/a><\/li>\n\n\n\n<li><a>...<\/a><\/li>\n\n\n\n<li><a href='?page_no=36618'>36618<\/a><\/li>\n\n\n\n<li><a href='?page_no=36619'>36619<\/a><\/li>\n\n    \n\t\n\n<li >\n\t<a href='?page_no=20841'>Next<\/a>\n\t<\/li>\n\n\n    \n\n<li><a href='?page_no=36619'>Last &rsaquo;&rsaquo;<\/a><\/li>\n\n<\/ul>\n\n\n--><br \/>\n<\/body><\/p>\n","protected":false},"excerpt":{"rendered":"<p>Santo Domingo, RD, 30 de Abril.-La Asociaci\u00f3n Nacional de Ligas y Clubes (ASONALICLU) escogi\u00f3 como nuevo presidente del Comit\u00e9 Ejecutivo de la entidad al deportista Junior Arias Noboa, en sustituci\u00f3n del doctor Luis Sch\u00e9ker Ortiz, quien en lo adelante se desempe\u00f1ar\u00e1 como asesor y miembro de honor de la entidad. Arias Noboa, un joven dirigente [&hellip;]<\/p>\n","protected":false},"author":3,"featured_media":0,"comment_status":"open","ping_status":"open","sticky":false,"template":"","format":"standard","meta":{"footnotes":""},"categories":[17],"tags":[],"class_list":["post-213730","post","type-post","status-publish","format-standard","hentry","category-deportes"],"_links":{"self":[{"href":"https:\/\/diariodominicano.com\/index.php?rest_route=\/wp\/v2\/posts\/213730","targetHints":{"allow":["GET"]}}],"collection":[{"href":"https:\/\/diariodominicano.com\/index.php?rest_route=\/wp\/v2\/posts"}],"about":[{"href":"https:\/\/diariodominicano.com\/index.php?rest_route=\/wp\/v2\/types\/post"}],"author":[{"embeddable":true,"href":"https:\/\/diariodominicano.com\/index.php?rest_route=\/wp\/v2\/users\/3"}],"replies":[{"embeddable":true,"href":"https:\/\/diariodominicano.com\/index.php?rest_route=%2Fwp%2Fv2%2Fcomments&post=213730"}],"version-history":[{"count":0,"href":"https:\/\/diariodominicano.com\/index.php?rest_route=\/wp\/v2\/posts\/213730\/revisions"}],"wp:attachment":[{"href":"https:\/\/diariodominicano.com\/index.php?rest_route=%2Fwp%2Fv2%2Fmedia&parent=213730"}],"wp:term":[{"taxonomy":"category","embeddable":true,"href":"https:\/\/diariodominicano.com\/index.php?rest_route=%2Fwp%2Fv2%2Fcategories&post=213730"},{"taxonomy":"post_tag","embeddable":true,"href":"https:\/\/diariodominicano.com\/index.php?rest_route=%2Fwp%2Fv2%2Ftags&post=213730"}],"curies":[{"name":"wp","href":"https:\/\/api.w.org\/{rel}","templated":true}]}}