{"id":213729,"date":"2013-05-01T05:38:14","date_gmt":"2013-05-01T05:38:14","guid":{"rendered":"http:\/\/diariodominicano.ddns.net\/?p=213729"},"modified":"2013-05-01T05:38:14","modified_gmt":"2013-05-01T05:38:14","slug":"udesa-premiara-mejores-atletas","status":"publish","type":"post","link":"https:\/\/diariodominicano.com\/?p=213729","title":{"rendered":"UDESA premiar\u00e1 mejores atletas"},"content":{"rendered":"<p><body><\/p>\n<p><img decoding=\"async\" src=\"http:\/\/localhost:8080\/img3\/atleta.jpg\" \/>  <\/p>\n<\/p>\n<p><span class=\"text1noticias\"> Por Oscar Polanco<\/span><\/p>\n<\/p>\n<p><span class=\"text1noticias\">SANTIAGO, Rep\u00fablica Dominicana, 30-04-2013.- La Uni\u00f3n Deportiva de Santiago (UDESA), premiar\u00e1 a los atletas m\u00e1s sobresalientes del pasado mes de marzo, durante un acto que se realizar\u00e1 en el sal\u00f3n Hanns Hieronimus, este jueves 2 de mayo.<\/span><\/p>\n<\/p>\n<p><span class=\"text1noticias\">La actividad comenzar\u00e1 a las siete de la noche, all\u00ed ser\u00e1n galardonados los mejores atletas del mes de marzo, masculino y femenino, entre ellos tambi\u00e9n los m\u00e1s sobresalientes en deportes especiales.<\/span><\/p>\n<\/p>\n<p><span class=\"text1noticias\">El licenciado H\u00e9ctor de Padua, presidente de la UDESA, quien ofreci\u00f3 la informaci\u00f3n tendr\u00e1 a su cargo el informe mensual de la entidad, en el que abarcar\u00e1 diversos temas.<\/span><\/p>\n<\/p>\n<p><span class=\"text1noticias\">Entre esos temas se encuentran, seguimiento del plan de capacitaci\u00f3n a los dirigentes de esta provincia, con cursos continuos, as\u00ed como el de los Juegos Deportivos de Santiago, entre otras cosas.<\/span><\/p>\n<\/p>\n<p><span class=\"text1noticias\">Las palabras de bienvenida estar\u00e1n a cargo del dirigente deportivo, Emmanuel Garc\u00eda Musa, en el acto que ser\u00e1 celebrado el jueves a partir de las siete de la noche en el sal\u00f3n Hanns Hieronimus de la UDESA.<\/span><\/p>\n<\/p>\n<\/p>\n<\/p>\n<\/p>\n<h6> 2013-05-01 05:38:14 <\/h6>\n<p><!--\n<link rel=\"stylesheet\" href=\"css\/bootstrap.min.css\">\n\n\n<ul class=\"pagination\">\n\t    \n\t\n\n<li >\n\t<a href='?page_no=20838'>Previous<\/a>\n\t<\/li>\n\n\n       \n    \n\n<li><a href='?page_no=1'>1<\/a><\/li>\n\n\n\n<li><a href='?page_no=2'>2<\/a><\/li>\n\n\n\n<li><a>...<\/a><\/li>\n\n\n\n<li><a href='?page_no=20837'>20837<\/a><\/li>\n\n\n\n<li><a href='?page_no=20838'>20838<\/a><\/li>\n\n\n\n<li class='active'><a>20839<\/a><\/li>\n\n\n\n<li><a href='?page_no=20840'>20840<\/a><\/li>\n\n\n\n<li><a href='?page_no=20841'>20841<\/a><\/li>\n\n\n\n<li><a>...<\/a><\/li>\n\n\n\n<li><a href='?page_no=36618'>36618<\/a><\/li>\n\n\n\n<li><a href='?page_no=36619'>36619<\/a><\/li>\n\n    \n\t\n\n<li >\n\t<a href='?page_no=20840'>Next<\/a>\n\t<\/li>\n\n\n    \n\n<li><a href='?page_no=36619'>Last &rsaquo;&rsaquo;<\/a><\/li>\n\n<\/ul>\n\n\n--><br \/>\n<\/body><\/p>\n","protected":false},"excerpt":{"rendered":"<p>Por Oscar Polanco SANTIAGO, Rep\u00fablica Dominicana, 30-04-2013.- La Uni\u00f3n Deportiva de Santiago (UDESA), premiar\u00e1 a los atletas m\u00e1s sobresalientes del pasado mes de marzo, durante un acto que se realizar\u00e1 en el sal\u00f3n Hanns Hieronimus, este jueves 2 de mayo. La actividad comenzar\u00e1 a las siete de la noche, all\u00ed ser\u00e1n galardonados los mejores atletas [&hellip;]<\/p>\n","protected":false},"author":3,"featured_media":0,"comment_status":"open","ping_status":"open","sticky":false,"template":"","format":"standard","meta":{"footnotes":""},"categories":[17],"tags":[],"class_list":["post-213729","post","type-post","status-publish","format-standard","hentry","category-deportes"],"_links":{"self":[{"href":"https:\/\/diariodominicano.com\/index.php?rest_route=\/wp\/v2\/posts\/213729","targetHints":{"allow":["GET"]}}],"collection":[{"href":"https:\/\/diariodominicano.com\/index.php?rest_route=\/wp\/v2\/posts"}],"about":[{"href":"https:\/\/diariodominicano.com\/index.php?rest_route=\/wp\/v2\/types\/post"}],"author":[{"embeddable":true,"href":"https:\/\/diariodominicano.com\/index.php?rest_route=\/wp\/v2\/users\/3"}],"replies":[{"embeddable":true,"href":"https:\/\/diariodominicano.com\/index.php?rest_route=%2Fwp%2Fv2%2Fcomments&post=213729"}],"version-history":[{"count":0,"href":"https:\/\/diariodominicano.com\/index.php?rest_route=\/wp\/v2\/posts\/213729\/revisions"}],"wp:attachment":[{"href":"https:\/\/diariodominicano.com\/index.php?rest_route=%2Fwp%2Fv2%2Fmedia&parent=213729"}],"wp:term":[{"taxonomy":"category","embeddable":true,"href":"https:\/\/diariodominicano.com\/index.php?rest_route=%2Fwp%2Fv2%2Fcategories&post=213729"},{"taxonomy":"post_tag","embeddable":true,"href":"https:\/\/diariodominicano.com\/index.php?rest_route=%2Fwp%2Fv2%2Ftags&post=213729"}],"curies":[{"name":"wp","href":"https:\/\/api.w.org\/{rel}","templated":true}]}}