{"id":213724,"date":"2013-05-01T13:54:18","date_gmt":"2013-05-01T13:54:18","guid":{"rendered":"http:\/\/diariodominicano.ddns.net\/?p=213724"},"modified":"2013-05-01T13:54:18","modified_gmt":"2013-05-01T13:54:18","slug":"aramis-ramirez-volveria-en-esta-semana-a-juego-cueto-lanza-sin-dolor","status":"publish","type":"post","link":"https:\/\/diariodominicano.com\/?p=213724","title":{"rendered":"Aramis Ram\u00edrez volver\u00eda en esta semana a juego; Cueto lanza sin dolor"},"content":{"rendered":"<p><body><\/p>\n<p>Milwaukee 1 mayo.- Aramis Ram\u00edrez corri\u00f3 de lado a lado ligeramente al correr en los jardines como parte de su rehabilitaci\u00f3n de un esguince en la rodilla izquierda que sufri\u00f3 al deslizarse en la segunda base el 15 de abril.<\/p>\n<\/p>\n<p>El dominicano pretende volver a la acci\u00f3n en esta misma semana.<\/p>\n<\/p>\n<p>\u00abViene corriendo y al d\u00eda siguiente no ha sentido dolores, lo cual es bueno\u00bb, dijo el manager de los Cerveceros, Ron Roenicke. El capataz agreg\u00f3 que Ram\u00edrez \u00aba\u00fan se ve algo limitado\u00bb al correr de lado en lado y cuando se detiene luego de correr duro.<\/p>\n<\/p>\n<p>\u00abYa quiere volver a la acci\u00f3n\u00bb, dijo Roenicke. \u00abNo creo que tarde mucho m\u00e1s.\u00bb<\/p>\n<p><strong> <\/strong><\/p>\n<p><strong>Cueto lanza sin dolor<\/strong><\/p>\n<p>El as de los Rojos de Cincinnati, el dominicano Johnny Cueto, realiz\u00f3 una sesi\u00f3n de 45 lanzamientos en el bullpen el lunes, la segunda vez que el derecho tira de un mont\u00edculo desde que fue colocado en la lista de incapacitados con una lesi\u00f3n en un m\u00fasculo lateral.<\/p>\n<\/p>\n<p>\u00abFue bastante buena, sin dolores\u00bb, dijo Cueto acerca de la sesi\u00f3n. \u00abTir\u00e9 mi lanzamiento rompiente y todo.\u00bb<\/p>\n<\/p>\n<p>Cueto pretend\u00eda hablar con el coach de pitcheo de Cincinnati, Bryan Price, sobre la posibilidad de realizar una rehabilitaci\u00f3n en liga menor, aunque todav\u00eda no hay planes concretos al respecto. \u00abVamos a ver c\u00f3mo sale de esto\u00bb, dijo el manager de los Rojos, Dusty Baker. \u00abTendr\u00e9 que hablar con \u00e9l primero.\u00bb <\/p>\n<h6> 2013-05-01 13:54:18 <\/h6>\n<p><!--\n<link rel=\"stylesheet\" href=\"css\/bootstrap.min.css\">\n\n\n<ul class=\"pagination\">\n\t    \n\t\n\n<li >\n\t<a href='?page_no=20833'>Previous<\/a>\n\t<\/li>\n\n\n       \n    \n\n<li><a href='?page_no=1'>1<\/a><\/li>\n\n\n\n<li><a href='?page_no=2'>2<\/a><\/li>\n\n\n\n<li><a>...<\/a><\/li>\n\n\n\n<li><a href='?page_no=20832'>20832<\/a><\/li>\n\n\n\n<li><a href='?page_no=20833'>20833<\/a><\/li>\n\n\n\n<li class='active'><a>20834<\/a><\/li>\n\n\n\n<li><a href='?page_no=20835'>20835<\/a><\/li>\n\n\n\n<li><a href='?page_no=20836'>20836<\/a><\/li>\n\n\n\n<li><a>...<\/a><\/li>\n\n\n\n<li><a href='?page_no=36618'>36618<\/a><\/li>\n\n\n\n<li><a href='?page_no=36619'>36619<\/a><\/li>\n\n    \n\t\n\n<li >\n\t<a href='?page_no=20835'>Next<\/a>\n\t<\/li>\n\n\n    \n\n<li><a href='?page_no=36619'>Last &rsaquo;&rsaquo;<\/a><\/li>\n\n<\/ul>\n\n\n--><br \/>\n<\/body><\/p>\n","protected":false},"excerpt":{"rendered":"<p>Milwaukee 1 mayo.- Aramis Ram\u00edrez corri\u00f3 de lado a lado ligeramente al correr en los jardines como parte de su rehabilitaci\u00f3n de un esguince en la rodilla izquierda que sufri\u00f3 al deslizarse en la segunda base el 15 de abril. El dominicano pretende volver a la acci\u00f3n en esta misma semana. \u00abViene corriendo y al [&hellip;]<\/p>\n","protected":false},"author":3,"featured_media":0,"comment_status":"open","ping_status":"open","sticky":false,"template":"","format":"standard","meta":{"footnotes":""},"categories":[17],"tags":[],"class_list":["post-213724","post","type-post","status-publish","format-standard","hentry","category-deportes"],"_links":{"self":[{"href":"https:\/\/diariodominicano.com\/index.php?rest_route=\/wp\/v2\/posts\/213724","targetHints":{"allow":["GET"]}}],"collection":[{"href":"https:\/\/diariodominicano.com\/index.php?rest_route=\/wp\/v2\/posts"}],"about":[{"href":"https:\/\/diariodominicano.com\/index.php?rest_route=\/wp\/v2\/types\/post"}],"author":[{"embeddable":true,"href":"https:\/\/diariodominicano.com\/index.php?rest_route=\/wp\/v2\/users\/3"}],"replies":[{"embeddable":true,"href":"https:\/\/diariodominicano.com\/index.php?rest_route=%2Fwp%2Fv2%2Fcomments&post=213724"}],"version-history":[{"count":0,"href":"https:\/\/diariodominicano.com\/index.php?rest_route=\/wp\/v2\/posts\/213724\/revisions"}],"wp:attachment":[{"href":"https:\/\/diariodominicano.com\/index.php?rest_route=%2Fwp%2Fv2%2Fmedia&parent=213724"}],"wp:term":[{"taxonomy":"category","embeddable":true,"href":"https:\/\/diariodominicano.com\/index.php?rest_route=%2Fwp%2Fv2%2Fcategories&post=213724"},{"taxonomy":"post_tag","embeddable":true,"href":"https:\/\/diariodominicano.com\/index.php?rest_route=%2Fwp%2Fv2%2Ftags&post=213724"}],"curies":[{"name":"wp","href":"https:\/\/api.w.org\/{rel}","templated":true}]}}