{"id":213722,"date":"2013-05-01T15:21:00","date_gmt":"2013-05-01T15:21:00","guid":{"rendered":"http:\/\/diariodominicano.ddns.net\/?p=213722"},"modified":"2013-05-01T15:21:00","modified_gmt":"2013-05-01T15:21:00","slug":"campeonato-nacional-de-autos-sigue-el-domingo","status":"publish","type":"post","link":"https:\/\/diariodominicano.com\/?p=213722","title":{"rendered":"Campeonato Nacional de Autos sigue el domingo"},"content":{"rendered":"<p><body><\/p>\n<p>Santo Domingo RD 1 mayo.- La segunda carrera del a\u00f1o del Campeonato Nacional de Automovilismo se correr\u00e1 el domingo 5 de mayo, en el Aut\u00f3dromo M\u00f3vil 1, y en la que participar\u00e1n 80 pilotos del pa\u00eds y del extranjero.<\/p>\n<\/p>\n<p>Los organizadores prev\u00e9n un alto nivel de competici\u00f3n en las cuatro categor\u00edas: \u00abm\u00e1xima\u00bb, \u00abracing sed\u00e1n\u00bb, \u00abST\u00bb y \u00abturismo\u00bb.<\/p>\n<\/p>\n<p>Para la \u00abm\u00e1xima\u00bb categor\u00eda se anuncia la participaci\u00f3n de corredores como Jeff Altenburg, Ronnie Su\u00e1rez, Alfredo Najri, V\u00edctor Gonz\u00e1lez, el haitiano Jacky Khaely, \u00d3liver Knupper, Harold Robles, Pedro Sued, Jos\u00e9 Ricardo Leroux y Lucho Campusano.<\/p>\n<\/p>\n<p>Para categor\u00eda \u00abracing sed\u00e1n\u00bb se destacan Robert Bret\u00f3n, C\u00e9sar Santana, Sebasti\u00e1n Paniagua, Pedro Redondo, Jos\u00e9 Paiewonski.<\/p>\n<\/p>\n<p>De la \u00abST\u00bb se mencionan Cristian Bonett, Jhonatan Basden, Jos\u00e9 Lora, los hermanos Susa\u00f1a; en tanto que en la categor\u00eda \u00abturismo nacional\u00bb, se enfrentar\u00e1n Carlos Pe\u00f1a, Sebasti\u00e1n Paniagua, Juan Manuel Gonz\u00e1lez, Rafael Luciano, Antonio Taveras y Marco Cabral.<\/p>\n<\/p>\n<p>El evento est\u00e1 programado para las 10:00 de la ma\u00f1ana del domingo y participan pilotos de Rep\u00fablica Dominicana, Estados Unidos, Puerto Rico, Hait\u00ed, Panam\u00e1.<\/p>\n<h6> 2013-05-01 15:21:00 <\/h6>\n<p><!--\n<link rel=\"stylesheet\" href=\"css\/bootstrap.min.css\">\n\n\n<ul class=\"pagination\">\n\t    \n\t\n\n<li >\n\t<a href='?page_no=20831'>Previous<\/a>\n\t<\/li>\n\n\n       \n    \n\n<li><a href='?page_no=1'>1<\/a><\/li>\n\n\n\n<li><a href='?page_no=2'>2<\/a><\/li>\n\n\n\n<li><a>...<\/a><\/li>\n\n\n\n<li><a href='?page_no=20830'>20830<\/a><\/li>\n\n\n\n<li><a href='?page_no=20831'>20831<\/a><\/li>\n\n\n\n<li class='active'><a>20832<\/a><\/li>\n\n\n\n<li><a href='?page_no=20833'>20833<\/a><\/li>\n\n\n\n<li><a href='?page_no=20834'>20834<\/a><\/li>\n\n\n\n<li><a>...<\/a><\/li>\n\n\n\n<li><a href='?page_no=36618'>36618<\/a><\/li>\n\n\n\n<li><a href='?page_no=36619'>36619<\/a><\/li>\n\n    \n\t\n\n<li >\n\t<a href='?page_no=20833'>Next<\/a>\n\t<\/li>\n\n\n    \n\n<li><a href='?page_no=36619'>Last &rsaquo;&rsaquo;<\/a><\/li>\n\n<\/ul>\n\n\n--><br \/>\n<\/body><\/p>\n","protected":false},"excerpt":{"rendered":"<p>Santo Domingo RD 1 mayo.- La segunda carrera del a\u00f1o del Campeonato Nacional de Automovilismo se correr\u00e1 el domingo 5 de mayo, en el Aut\u00f3dromo M\u00f3vil 1, y en la que participar\u00e1n 80 pilotos del pa\u00eds y del extranjero. Los organizadores prev\u00e9n un alto nivel de competici\u00f3n en las cuatro categor\u00edas: \u00abm\u00e1xima\u00bb, \u00abracing sed\u00e1n\u00bb, \u00abST\u00bb [&hellip;]<\/p>\n","protected":false},"author":3,"featured_media":0,"comment_status":"open","ping_status":"open","sticky":false,"template":"","format":"standard","meta":{"footnotes":""},"categories":[17],"tags":[],"class_list":["post-213722","post","type-post","status-publish","format-standard","hentry","category-deportes"],"_links":{"self":[{"href":"https:\/\/diariodominicano.com\/index.php?rest_route=\/wp\/v2\/posts\/213722","targetHints":{"allow":["GET"]}}],"collection":[{"href":"https:\/\/diariodominicano.com\/index.php?rest_route=\/wp\/v2\/posts"}],"about":[{"href":"https:\/\/diariodominicano.com\/index.php?rest_route=\/wp\/v2\/types\/post"}],"author":[{"embeddable":true,"href":"https:\/\/diariodominicano.com\/index.php?rest_route=\/wp\/v2\/users\/3"}],"replies":[{"embeddable":true,"href":"https:\/\/diariodominicano.com\/index.php?rest_route=%2Fwp%2Fv2%2Fcomments&post=213722"}],"version-history":[{"count":0,"href":"https:\/\/diariodominicano.com\/index.php?rest_route=\/wp\/v2\/posts\/213722\/revisions"}],"wp:attachment":[{"href":"https:\/\/diariodominicano.com\/index.php?rest_route=%2Fwp%2Fv2%2Fmedia&parent=213722"}],"wp:term":[{"taxonomy":"category","embeddable":true,"href":"https:\/\/diariodominicano.com\/index.php?rest_route=%2Fwp%2Fv2%2Fcategories&post=213722"},{"taxonomy":"post_tag","embeddable":true,"href":"https:\/\/diariodominicano.com\/index.php?rest_route=%2Fwp%2Fv2%2Ftags&post=213722"}],"curies":[{"name":"wp","href":"https:\/\/api.w.org\/{rel}","templated":true}]}}