{"id":213716,"date":"2013-05-01T22:07:25","date_gmt":"2013-05-01T22:07:25","guid":{"rendered":"http:\/\/diariodominicano.ddns.net\/?p=213716"},"modified":"2013-05-01T22:07:25","modified_gmt":"2013-05-01T22:07:25","slug":"jose-ricardo-leroux-listo-para-debutar-el-domingo","status":"publish","type":"post","link":"https:\/\/diariodominicano.com\/?p=213716","title":{"rendered":"Jos\u00e9 Ricardo Leroux listo para debutar el domingo"},"content":{"rendered":"<p><body><\/p>\n<p><span class=\"text1noticias\">Santo Domingo, RD, 1 de Mayo.-El m\u00faltiple campe\u00f3n nacional Jos\u00e9 Ricardo Leroux est\u00e1 listo para debutar el domingo 5 de mayo en la Segunda fecha del Campeonato Nacional de Automovilismo a celebrarse en las instalaciones del Aut\u00f3dromo Mobil 1.<\/span><\/p>\n<\/p>\n<p><span class=\"text1noticias\">Leroux, no estuvo presente en el inicio del Campeonato debido a inconvenientes con las suspensiones de su auto, las cuales fueron enviadas a revisar por completo en el extranjero y no estuvieron listas a tiempo para iniciar la Temporada.<\/span><\/p>\n<\/p>\n<p><span class=\"text1noticias\">\u00abMe siento confiado en que haremos un buen papel este pr\u00f3ximo domingo, nuestro auto est\u00e1 en perfectas condiciones y estoy trabajando con tiempo para ajustarlo a los nuevos neum\u00e1ticos de la categor\u00eda DTS y poder luchar por las primeras posiciones de la m\u00e1xima categor\u00eda\u00bb, expres\u00f3 Leroux,al finalizar una sesi\u00f3n de entrenamientos en el Aut\u00f3dromo Mobil 1.<\/span><\/p>\n<\/p>\n<p><span class=\"text1noticias\">La m\u00e1xima categor\u00eda nacional DTS, presenta una interesante lucha en el segundo compromiso del a\u00f1o entre varios pilotos que se preparan para alzarse con la victoria, tales como el nortemaricano Jeff Altenburg, el haitiano JackyKhawly y los dominicanos Ronnie Su\u00e1rez, Alfredo Najri, Harold Robles, entre otros.<\/span><\/p>\n<\/p>\n<p><span class=\"text1noticias\">El evento iniciar\u00e1 a las 10:30 de la ma\u00f1ana con la participaci\u00f3n de pilotos de Estados Unidos, Puerto Rico, Hait\u00ed, Panam\u00e1 y los anfitriones de Rep\u00fablica Dominicana. Las boletas est\u00e1n a la venta en Uepa Tickets @ Moviemaxcon precios de RD$300.00 en Grader\u00edas, RD$800.00 en el \u00c1rea de Paddocks y RD$1,200.00 en el VIP con brindis de bebidas de las marcas patrocinadoras.(HG)<\/span>.<\/p>\n<\/p>\n<h6> 2013-05-01 22:07:25 <\/h6>\n<p><!--\n<link rel=\"stylesheet\" href=\"css\/bootstrap.min.css\">\n\n\n<ul class=\"pagination\">\n\t    \n\t\n\n<li >\n\t<a href='?page_no=20825'>Previous<\/a>\n\t<\/li>\n\n\n       \n    \n\n<li><a href='?page_no=1'>1<\/a><\/li>\n\n\n\n<li><a href='?page_no=2'>2<\/a><\/li>\n\n\n\n<li><a>...<\/a><\/li>\n\n\n\n<li><a href='?page_no=20824'>20824<\/a><\/li>\n\n\n\n<li><a href='?page_no=20825'>20825<\/a><\/li>\n\n\n\n<li class='active'><a>20826<\/a><\/li>\n\n\n\n<li><a href='?page_no=20827'>20827<\/a><\/li>\n\n\n\n<li><a href='?page_no=20828'>20828<\/a><\/li>\n\n\n\n<li><a>...<\/a><\/li>\n\n\n\n<li><a href='?page_no=36618'>36618<\/a><\/li>\n\n\n\n<li><a href='?page_no=36619'>36619<\/a><\/li>\n\n    \n\t\n\n<li >\n\t<a href='?page_no=20827'>Next<\/a>\n\t<\/li>\n\n\n    \n\n<li><a href='?page_no=36619'>Last &rsaquo;&rsaquo;<\/a><\/li>\n\n<\/ul>\n\n\n--><br \/>\n<\/body><\/p>\n","protected":false},"excerpt":{"rendered":"<p>Santo Domingo, RD, 1 de Mayo.-El m\u00faltiple campe\u00f3n nacional Jos\u00e9 Ricardo Leroux est\u00e1 listo para debutar el domingo 5 de mayo en la Segunda fecha del Campeonato Nacional de Automovilismo a celebrarse en las instalaciones del Aut\u00f3dromo Mobil 1. Leroux, no estuvo presente en el inicio del Campeonato debido a inconvenientes con las suspensiones de [&hellip;]<\/p>\n","protected":false},"author":3,"featured_media":0,"comment_status":"open","ping_status":"open","sticky":false,"template":"","format":"standard","meta":{"footnotes":""},"categories":[17],"tags":[],"class_list":["post-213716","post","type-post","status-publish","format-standard","hentry","category-deportes"],"_links":{"self":[{"href":"https:\/\/diariodominicano.com\/index.php?rest_route=\/wp\/v2\/posts\/213716","targetHints":{"allow":["GET"]}}],"collection":[{"href":"https:\/\/diariodominicano.com\/index.php?rest_route=\/wp\/v2\/posts"}],"about":[{"href":"https:\/\/diariodominicano.com\/index.php?rest_route=\/wp\/v2\/types\/post"}],"author":[{"embeddable":true,"href":"https:\/\/diariodominicano.com\/index.php?rest_route=\/wp\/v2\/users\/3"}],"replies":[{"embeddable":true,"href":"https:\/\/diariodominicano.com\/index.php?rest_route=%2Fwp%2Fv2%2Fcomments&post=213716"}],"version-history":[{"count":0,"href":"https:\/\/diariodominicano.com\/index.php?rest_route=\/wp\/v2\/posts\/213716\/revisions"}],"wp:attachment":[{"href":"https:\/\/diariodominicano.com\/index.php?rest_route=%2Fwp%2Fv2%2Fmedia&parent=213716"}],"wp:term":[{"taxonomy":"category","embeddable":true,"href":"https:\/\/diariodominicano.com\/index.php?rest_route=%2Fwp%2Fv2%2Fcategories&post=213716"},{"taxonomy":"post_tag","embeddable":true,"href":"https:\/\/diariodominicano.com\/index.php?rest_route=%2Fwp%2Fv2%2Ftags&post=213716"}],"curies":[{"name":"wp","href":"https:\/\/api.w.org\/{rel}","templated":true}]}}