{"id":213708,"date":"2013-05-02T14:44:45","date_gmt":"2013-05-02T14:44:45","guid":{"rendered":"http:\/\/diariodominicano.ddns.net\/?p=213708"},"modified":"2013-05-02T14:44:45","modified_gmt":"2013-05-02T14:44:45","slug":"rd-derrota-a-peru-y-continua-invicta-en-volibol-norceca","status":"publish","type":"post","link":"https:\/\/diariodominicano.com\/?p=213708","title":{"rendered":"RD derrota a Per\u00fa y contin\u00faa invicta en volibol Norceca"},"content":{"rendered":"<p><body><\/p>\n<p><img decoding=\"async\" src=\"img3\/volibol 2.php.html\" \/>  <\/p>\n<p>Guatemala 2 mayo.- Rep\u00fablica Dominicana consigui\u00f3 su segunda victoria en el Grupo A de la Copa Panamericana de Voleibol Femenino Sub-18 al derrotar a Per\u00fa en parciales al hilo por 25-21, 25-15, 25-21.<\/p>\n<\/p>\n<p>Las dominicanas fueron superiores anotando 18 bloqueos y 4 ases contra 5 y 2, respectivamente, por Per\u00fa. Las ganadoras mejoraron su marca de ganados y perdidos a 2-0, mientras que el bando derrotado cay\u00f3 a 0-2.<\/p>\n<\/p>\n<p>Brayelin Mart\u00ednez fue la mejor anotadora por las vencedoras con 20 puntos y Galia Gonz\u00e1lez y Ang\u00e9lica Hinojosa contribuyeron con 10 cada uno. Barbara Brice\u00f1o fue la mejor anotadora de Per\u00fa con 12 puntos.<\/p>\n<\/p>\n<p>En el otro encuentro del Grupo A, que incluye equipos clasificados al Mundial FIVB de Tailandia, Brasil (1-1) venci\u00f3 a Argentina (1-1) por marcadores de 25-20, 25-18, 25-19.<\/p>\n<h6> 2013-05-02 14:44:45 <\/h6>\n<p><!--\n<link rel=\"stylesheet\" href=\"css\/bootstrap.min.css\">\n\n\n<ul class=\"pagination\">\n\t    \n\t\n\n<li >\n\t<a href='?page_no=20817'>Previous<\/a>\n\t<\/li>\n\n\n       \n    \n\n<li><a href='?page_no=1'>1<\/a><\/li>\n\n\n\n<li><a href='?page_no=2'>2<\/a><\/li>\n\n\n\n<li><a>...<\/a><\/li>\n\n\n\n<li><a href='?page_no=20816'>20816<\/a><\/li>\n\n\n\n<li><a href='?page_no=20817'>20817<\/a><\/li>\n\n\n\n<li class='active'><a>20818<\/a><\/li>\n\n\n\n<li><a href='?page_no=20819'>20819<\/a><\/li>\n\n\n\n<li><a href='?page_no=20820'>20820<\/a><\/li>\n\n\n\n<li><a>...<\/a><\/li>\n\n\n\n<li><a href='?page_no=36618'>36618<\/a><\/li>\n\n\n\n<li><a href='?page_no=36619'>36619<\/a><\/li>\n\n    \n\t\n\n<li >\n\t<a href='?page_no=20819'>Next<\/a>\n\t<\/li>\n\n\n    \n\n<li><a href='?page_no=36619'>Last &rsaquo;&rsaquo;<\/a><\/li>\n\n<\/ul>\n\n\n--><br \/>\n<\/body><\/p>\n","protected":false},"excerpt":{"rendered":"<p>Guatemala 2 mayo.- Rep\u00fablica Dominicana consigui\u00f3 su segunda victoria en el Grupo A de la Copa Panamericana de Voleibol Femenino Sub-18 al derrotar a Per\u00fa en parciales al hilo por 25-21, 25-15, 25-21. Las dominicanas fueron superiores anotando 18 bloqueos y 4 ases contra 5 y 2, respectivamente, por Per\u00fa. Las ganadoras mejoraron su marca [&hellip;]<\/p>\n","protected":false},"author":3,"featured_media":0,"comment_status":"open","ping_status":"open","sticky":false,"template":"","format":"standard","meta":{"footnotes":""},"categories":[17],"tags":[],"class_list":["post-213708","post","type-post","status-publish","format-standard","hentry","category-deportes"],"_links":{"self":[{"href":"https:\/\/diariodominicano.com\/index.php?rest_route=\/wp\/v2\/posts\/213708","targetHints":{"allow":["GET"]}}],"collection":[{"href":"https:\/\/diariodominicano.com\/index.php?rest_route=\/wp\/v2\/posts"}],"about":[{"href":"https:\/\/diariodominicano.com\/index.php?rest_route=\/wp\/v2\/types\/post"}],"author":[{"embeddable":true,"href":"https:\/\/diariodominicano.com\/index.php?rest_route=\/wp\/v2\/users\/3"}],"replies":[{"embeddable":true,"href":"https:\/\/diariodominicano.com\/index.php?rest_route=%2Fwp%2Fv2%2Fcomments&post=213708"}],"version-history":[{"count":0,"href":"https:\/\/diariodominicano.com\/index.php?rest_route=\/wp\/v2\/posts\/213708\/revisions"}],"wp:attachment":[{"href":"https:\/\/diariodominicano.com\/index.php?rest_route=%2Fwp%2Fv2%2Fmedia&parent=213708"}],"wp:term":[{"taxonomy":"category","embeddable":true,"href":"https:\/\/diariodominicano.com\/index.php?rest_route=%2Fwp%2Fv2%2Fcategories&post=213708"},{"taxonomy":"post_tag","embeddable":true,"href":"https:\/\/diariodominicano.com\/index.php?rest_route=%2Fwp%2Fv2%2Ftags&post=213708"}],"curies":[{"name":"wp","href":"https:\/\/api.w.org\/{rel}","templated":true}]}}