{"id":213705,"date":"2013-05-02T21:40:25","date_gmt":"2013-05-02T21:40:25","guid":{"rendered":"http:\/\/diariodominicano.ddns.net\/?p=213705"},"modified":"2013-05-02T21:40:25","modified_gmt":"2013-05-02T21:40:25","slug":"softbol-asigna-a-sfm-sede-torneos-molinete-femenino-sub-19-y-sub-14","status":"publish","type":"post","link":"https:\/\/diariodominicano.com\/?p=213705","title":{"rendered":"Softbol asigna a SFM sede torneos molinete femenino Sub-19 y Sub-14"},"content":{"rendered":"<p><body><\/p>\n<p><img decoding=\"async\" src=\"img3\/Victor.jpg\" \/>  <\/p>\n<p><span class=\"text1noticias\">Santo Domingo, RD, 2 de Mayo.-El comit\u00e9 ejecutivo de la Federaci\u00f3n Dominicana de Softbol aprob\u00f3 a San Francisco de Macor\u00eds la sede de los torneos nacionales de softbol molinete femenino de las categor\u00edas sub-19 y sub-14 a\u00f1os, a ser realizados de manera conjunta entre el 12 y 14 de julio.<\/span><\/p>\n<\/p>\n<p><span class=\"text1noticias\">Durante la reuni\u00f3n ejecutiva mensual  que corresponde a mayo y efectuada este jueves 2, la entidad que preside V\u00edctor Alm\u00e1nzar defini\u00f3 la celebraci\u00f3n los d\u00edas 10, 11 y 12 de este mes, de un curso nacional para entrenadores de softbol molinete.<\/span><\/p>\n<\/p>\n<p><span class=\"text1noticias\">Alm\u00e1nzar indic\u00f3 que la participaci\u00f3n en ambos torneos femeninos es abierta para todas las asociaciones provinciales que deseen participar, para lo cual tienen plazo abierto para inscribirse hasta el primero de julio.<\/span><\/p>\n<\/p>\n<p><span class=\"text1noticias\">\u00abEl comit\u00e9 ejecutivo de la FEDOSA est\u00e1 invitando a todas las asociaciones provinciales de softbol para que se animen a participar tanto en el torneo sub-19, como en el sub-14, sin necesidad de eliminatorias\u00bb, expres\u00f3 Alm\u00e1nzar.<\/span><\/p>\n<\/p>\n<p><span class=\"text1noticias\">A tal efecto, el presidente de la Asociaci\u00f3n de Softbol de la Provincia Duarte y primer vicepresidente de la Federaci\u00f3n, Jochy Taveras, inform\u00f3 que en San Francisco de Macor\u00eds conformar\u00e1 un Comit\u00e9 Organizador como forma de garantizar un montaje exitoso de los torneos.<\/span><\/p>\n<\/p>\n<p><span class=\"text1noticias\">En cuanto el curso para entrenadores de softbol molinete, Alm\u00e1nzar inform\u00f3 que en el mismo est\u00e1 permitida la participaci\u00f3n de un entrenador por cada una de las asociaciones provinciales afiliadas a la FEDOSA.<\/span><\/p>\n<\/p>\n<p><span class=\"text1noticias\">Indic\u00f3 que con este curso, la federaci\u00f3n inicia su programa en materia de molinete para este a\u00f1o 2013.<\/span><\/p>\n<\/p>\n<p><span class=\"text1noticias\">A la reuni\u00f3n ejecutiva de mayo asisti\u00f3 el comit\u00e9 ejecutivo casi en pleno, encabezado por Alm\u00e1nzar, los vicepresidentes Taveras y Luis Terrero, el secretario general Luis Maxwell, el co-secretario Euclides Javier y el tesorero Javiel Rodr\u00edguez.<\/span><\/p>\n<\/p>\n<p><span class=\"text1noticias\">Los presidentes regionales asistentes fueron: Roberto P\u00e9rez, por el Sur corto; Julio \u00abAbad\u00bb Santana, del Este; Manuel ?Ni\u00f1o- Polanco, por el Nordeste; Ricardo Maxwell, de la Zona Metropolitana; Joaqu\u00edn Acevedo, del Sur largo; y Samuel Melo, del Cibao Central.(HG).<\/span><\/p>\n<\/p>\n<h6> 2013-05-02 21:40:25 <\/h6>\n<p><!--\n<link rel=\"stylesheet\" href=\"css\/bootstrap.min.css\">\n\n\n<ul class=\"pagination\">\n\t    \n\t\n\n<li >\n\t<a href='?page_no=20814'>Previous<\/a>\n\t<\/li>\n\n\n       \n    \n\n<li><a href='?page_no=1'>1<\/a><\/li>\n\n\n\n<li><a href='?page_no=2'>2<\/a><\/li>\n\n\n\n<li><a>...<\/a><\/li>\n\n\n\n<li><a href='?page_no=20813'>20813<\/a><\/li>\n\n\n\n<li><a href='?page_no=20814'>20814<\/a><\/li>\n\n\n\n<li class='active'><a>20815<\/a><\/li>\n\n\n\n<li><a href='?page_no=20816'>20816<\/a><\/li>\n\n\n\n<li><a href='?page_no=20817'>20817<\/a><\/li>\n\n\n\n<li><a>...<\/a><\/li>\n\n\n\n<li><a href='?page_no=36618'>36618<\/a><\/li>\n\n\n\n<li><a href='?page_no=36619'>36619<\/a><\/li>\n\n    \n\t\n\n<li >\n\t<a href='?page_no=20816'>Next<\/a>\n\t<\/li>\n\n\n    \n\n<li><a href='?page_no=36619'>Last &rsaquo;&rsaquo;<\/a><\/li>\n\n<\/ul>\n\n\n--><br \/>\n<\/body><\/p>\n","protected":false},"excerpt":{"rendered":"<p>Santo Domingo, RD, 2 de Mayo.-El comit\u00e9 ejecutivo de la Federaci\u00f3n Dominicana de Softbol aprob\u00f3 a San Francisco de Macor\u00eds la sede de los torneos nacionales de softbol molinete femenino de las categor\u00edas sub-19 y sub-14 a\u00f1os, a ser realizados de manera conjunta entre el 12 y 14 de julio. Durante la reuni\u00f3n ejecutiva mensual [&hellip;]<\/p>\n","protected":false},"author":3,"featured_media":0,"comment_status":"open","ping_status":"open","sticky":false,"template":"","format":"standard","meta":{"footnotes":""},"categories":[17],"tags":[],"class_list":["post-213705","post","type-post","status-publish","format-standard","hentry","category-deportes"],"_links":{"self":[{"href":"https:\/\/diariodominicano.com\/index.php?rest_route=\/wp\/v2\/posts\/213705","targetHints":{"allow":["GET"]}}],"collection":[{"href":"https:\/\/diariodominicano.com\/index.php?rest_route=\/wp\/v2\/posts"}],"about":[{"href":"https:\/\/diariodominicano.com\/index.php?rest_route=\/wp\/v2\/types\/post"}],"author":[{"embeddable":true,"href":"https:\/\/diariodominicano.com\/index.php?rest_route=\/wp\/v2\/users\/3"}],"replies":[{"embeddable":true,"href":"https:\/\/diariodominicano.com\/index.php?rest_route=%2Fwp%2Fv2%2Fcomments&post=213705"}],"version-history":[{"count":0,"href":"https:\/\/diariodominicano.com\/index.php?rest_route=\/wp\/v2\/posts\/213705\/revisions"}],"wp:attachment":[{"href":"https:\/\/diariodominicano.com\/index.php?rest_route=%2Fwp%2Fv2%2Fmedia&parent=213705"}],"wp:term":[{"taxonomy":"category","embeddable":true,"href":"https:\/\/diariodominicano.com\/index.php?rest_route=%2Fwp%2Fv2%2Fcategories&post=213705"},{"taxonomy":"post_tag","embeddable":true,"href":"https:\/\/diariodominicano.com\/index.php?rest_route=%2Fwp%2Fv2%2Ftags&post=213705"}],"curies":[{"name":"wp","href":"https:\/\/api.w.org\/{rel}","templated":true}]}}