{"id":213702,"date":"2013-05-02T22:54:42","date_gmt":"2013-05-02T22:54:42","guid":{"rendered":"http:\/\/diariodominicano.ddns.net\/?p=213702"},"modified":"2013-05-02T22:54:42","modified_gmt":"2013-05-02T22:54:42","slug":"idac-entrega-copa-a-ganadores-del-rally-fly-in-gobernador","status":"publish","type":"post","link":"https:\/\/diariodominicano.com\/?p=213702","title":{"rendered":"IDAC entrega copa a ganadores del \u00abRally Fly In Gobernador\u00bb"},"content":{"rendered":"<p><body><\/p>\n<p><img decoding=\"async\" src=\"img3\/copa.JPG\" \/>  <\/p>\n<p><span class=\"text1noticias\">Santo Domingo, RD, 2 de mayo.- El Instituto Dominicano de Aviaci\u00f3n Civil (IDAC), en colaboraci\u00f3n con el Ministerio de Turismo, celebr\u00f3 el acto de entrega de la copa \u00abRally Fly In Gobernador Desaf\u00edo 2013\u00bb, a los pilotos que obtuvieron mejores calificaciones durante la actividad del mismo nombre, en la que participaron representantes de Francia, Canad\u00e1, Chile, M\u00e9xico, Estados Unidos y  Suiza.<\/span><\/p>\n<\/p>\n<p><span class=\"text1noticias\">El primer lugar lo obtuvo el equipo integrado por Juan Francisco Asenjo, Camila Rodr\u00edguez, Enrique P\u00e9rez y Thomas Bernard; el segundo lugar fue a parar a manos de los pilotos Kenneth Farhang y Ray Farhang; y el tercer lugar recay\u00f3 en el equipo conformado por David McKenna, Roberta McKenna, Paul LeBlanc y Linda LeBlanc.<\/span><\/p>\n<p><span class=\"text1noticias\"> <\/span><\/p>\n<p><span class=\"text1noticias\">En esta actividad de car\u00e1cter amistoso y comercial, pilotos de varios puntos vuelan a un lugar determinado del mundo para reunirse, el que  posteriormente utilizan como plataforma para hacer negocios e inversiones tur\u00edsticas.<\/span><\/p>\n<\/p>\n<p><span class=\"text1noticias\">Durante el \u00abFly-in\u00bb de este a\u00f1o, uno de los mayores atractivos fue la participaci\u00f3n de la pareja compuesta por Dom y Patricia Einsenberg, pilotos de 89 y 88 a\u00f1os respectivamente, as\u00ed como la actuaci\u00f3n de C\u00e9sar Dan, un piloto de 20 a\u00f1os procedente de Suiza, convirti\u00e9ndose en el m\u00e1s joven que participa en esta actividad.<\/span><\/p>\n<\/p>\n<p><span class=\"text1noticias\">El \u00abFly in\u00bb es la actividad de pilotos independientes y due\u00f1os de peque\u00f1as aeronaves que a\u00f1o tras a\u00f1o concita mayor atenci\u00f3n en el ambiente aeron\u00e1utico mundial, por sus programas atractivos y por la confraternidad que reina entre los participantes. Adem\u00e1s, es una de las mejores herramientas de promoci\u00f3n y de inversiones que se dan en el pa\u00eds que sirva de sede o punto de encuentro de los pilotos.<\/span><\/p>\n<\/p>\n<p><span class=\"text1noticias\">Rep\u00fablica Dominicana fue elegida por los pilotos para ser la sede de la entrega de la copa \u00abRally Fly In Gobernador Desaf\u00edo 2013\u00bb, por los atractivos tur\u00edsticos y la seguridad operacional en la aviaci\u00f3n civil con que cuenta este pa\u00eds.(HG)<\/span>.<\/p>\n<h6> 2013-05-02 22:54:42 <\/h6>\n<p><!--\n<link rel=\"stylesheet\" href=\"css\/bootstrap.min.css\">\n\n\n<ul class=\"pagination\">\n\t    \n\t\n\n<li >\n\t<a href='?page_no=20811'>Previous<\/a>\n\t<\/li>\n\n\n       \n    \n\n<li><a href='?page_no=1'>1<\/a><\/li>\n\n\n\n<li><a href='?page_no=2'>2<\/a><\/li>\n\n\n\n<li><a>...<\/a><\/li>\n\n\n\n<li><a href='?page_no=20810'>20810<\/a><\/li>\n\n\n\n<li><a href='?page_no=20811'>20811<\/a><\/li>\n\n\n\n<li class='active'><a>20812<\/a><\/li>\n\n\n\n<li><a href='?page_no=20813'>20813<\/a><\/li>\n\n\n\n<li><a href='?page_no=20814'>20814<\/a><\/li>\n\n\n\n<li><a>...<\/a><\/li>\n\n\n\n<li><a href='?page_no=36618'>36618<\/a><\/li>\n\n\n\n<li><a href='?page_no=36619'>36619<\/a><\/li>\n\n    \n\t\n\n<li >\n\t<a href='?page_no=20813'>Next<\/a>\n\t<\/li>\n\n\n    \n\n<li><a href='?page_no=36619'>Last &rsaquo;&rsaquo;<\/a><\/li>\n\n<\/ul>\n\n\n--><br \/>\n<\/body><\/p>\n","protected":false},"excerpt":{"rendered":"<p>Santo Domingo, RD, 2 de mayo.- El Instituto Dominicano de Aviaci\u00f3n Civil (IDAC), en colaboraci\u00f3n con el Ministerio de Turismo, celebr\u00f3 el acto de entrega de la copa \u00abRally Fly In Gobernador Desaf\u00edo 2013\u00bb, a los pilotos que obtuvieron mejores calificaciones durante la actividad del mismo nombre, en la que participaron representantes de Francia, Canad\u00e1, [&hellip;]<\/p>\n","protected":false},"author":3,"featured_media":0,"comment_status":"open","ping_status":"open","sticky":false,"template":"","format":"standard","meta":{"footnotes":""},"categories":[17],"tags":[],"class_list":["post-213702","post","type-post","status-publish","format-standard","hentry","category-deportes"],"_links":{"self":[{"href":"https:\/\/diariodominicano.com\/index.php?rest_route=\/wp\/v2\/posts\/213702","targetHints":{"allow":["GET"]}}],"collection":[{"href":"https:\/\/diariodominicano.com\/index.php?rest_route=\/wp\/v2\/posts"}],"about":[{"href":"https:\/\/diariodominicano.com\/index.php?rest_route=\/wp\/v2\/types\/post"}],"author":[{"embeddable":true,"href":"https:\/\/diariodominicano.com\/index.php?rest_route=\/wp\/v2\/users\/3"}],"replies":[{"embeddable":true,"href":"https:\/\/diariodominicano.com\/index.php?rest_route=%2Fwp%2Fv2%2Fcomments&post=213702"}],"version-history":[{"count":0,"href":"https:\/\/diariodominicano.com\/index.php?rest_route=\/wp\/v2\/posts\/213702\/revisions"}],"wp:attachment":[{"href":"https:\/\/diariodominicano.com\/index.php?rest_route=%2Fwp%2Fv2%2Fmedia&parent=213702"}],"wp:term":[{"taxonomy":"category","embeddable":true,"href":"https:\/\/diariodominicano.com\/index.php?rest_route=%2Fwp%2Fv2%2Fcategories&post=213702"},{"taxonomy":"post_tag","embeddable":true,"href":"https:\/\/diariodominicano.com\/index.php?rest_route=%2Fwp%2Fv2%2Ftags&post=213702"}],"curies":[{"name":"wp","href":"https:\/\/api.w.org\/{rel}","templated":true}]}}