{"id":213700,"date":"2013-05-03T13:53:51","date_gmt":"2013-05-03T13:53:51","guid":{"rendered":"http:\/\/diariodominicano.ddns.net\/?p=213700"},"modified":"2013-05-03T13:53:51","modified_gmt":"2013-05-03T13:53:51","slug":"arranca-esta-noche-la-edicion-39-del-torneo-de-baloncesto-superior-del-distrito","status":"publish","type":"post","link":"https:\/\/diariodominicano.com\/?p=213700","title":{"rendered":"Arranca esta noche la edici\u00f3n 39 del Torneo de Baloncesto Superior del Distrito"},"content":{"rendered":"<p><body><\/p>\n<p><img decoding=\"async\" src=\"img3\/hoy 3.jpeg\" \/>  <\/p>\n<p>Santo Domingo RD 3 mayo.- La edici\u00f3n n\u00famero 39 del torneo de baloncesto superior del Distrito Nacional, que se inicia esta noche en la cancha del club Mauricio B\u00e1ez, contar\u00e1 con la participaci\u00f3n de ocho equipos .<\/p>\n<\/p>\n<p>La justa organizada por la Asociaci\u00f3n de Baloncesto del Distrito Nacional lleva una dedicatoria a los clubes San L\u00e1zaro y Mauricio B\u00e1ez que este a\u00f1o celebran su 50to. aniversario .<\/p>\n<\/p>\n<p>Ver\u00e1 el regreso de Los Mina y Calero, de Villa Duarte -apartados tras el 2008 por la divisi\u00f3n geogr\u00e1fica de la capital, adem\u00e1s del Rafael Barias, quien vuelve tras su \u00abdebut y despedida\u00bb en 2009 cuando fue campe\u00f3n .<\/p>\n<\/p>\n<p>Hasta ayer no se sab\u00eda sobre el nombre o patrocinador de la Copa que disputar\u00e1n, adem\u00e1s San Carlos, San L\u00e1zaro, Huellas del Siglo, El Mill\u00f3n y Bameso, este \u00faltimo ganador de los \u00faltimos dos cert\u00e1menes. En 2002 compitieron San L\u00e1zaro, Mauricio B\u00e1ez, Los Mina, Calero, Los Prados, Villa Francisca, San Carlos y Naco .<\/p>\n<\/p>\n<p>Jornada inaugural y clasificaci\u00f3n<\/p>\n<p>Calero y Bameso est\u00e1n programados para dar inicio al torneo a partir de las seis de la tarde. Luego se proceder\u00e1 a la ceremonia inaugural tras la cual se completar\u00e1 la cartelera con el partido entre Huellas del Siglo y Los Mina .<\/p>\n<\/p>\n<p>Los discursos de rigor estar\u00e1n a cargo de Juan de los Santos, alcalde de Santo Domingo Este y presidente del Comit\u00e9 Organizador; Ram\u00f3n Rodr\u00edguez, presidente de la Abadina y Rafael Uribe, presidente de la Federaci\u00f3n Dominicana de Baloncesto .<\/p>\n<\/p>\n<p>Los ocho equipos han sido divididos en dos grupos: el A formado por Bameso, Calero, San Carlos y El Mill\u00f3n y el B integrado por San L\u00e1zaro, Los Mina, Huellas del Siglo y Rafael Barias. Habr\u00e1 partidos entre todos .<\/p>\n<\/p>\n<p>Clasificar\u00e1n a las semifinales los dos primeros equipos de cada llave que se enfrentar\u00e1n entre s\u00ed en una semifinal pactada a un 3-2. Los ganadores avanzar\u00e1n a la final al mejor de un 7-4. Se jugar\u00e1 martes, mi\u00e9rcoles, viernes y domingo con dobles partidos .<\/p>\n<\/p>\n<p>El calendario contempla dos jornadas sabatinas, el 11 y 18 de mayo .<\/p>\n<\/p>\n<p>Los primeros tres d\u00edas los partidos iniciar\u00e1n a las 7:00 y 9:00 de la noche .<\/p>\n<\/p>\n<p>Los s\u00e1bados y domingos comenzar\u00e1n a las 5:00 de la tarde y 7:00 de la noche .<\/p>\n<\/p>\n<p>Tiene como sede la Casa Nacional del Voleibol donde se jugar\u00e1n la semifinal y final. Las primeras seis fechas se jugar\u00e1n en el Mauricio B\u00e1ez .<\/p>\n<\/p>\n<p>Ser\u00e1 transmitido los viernes y domingos por RNN Canal 27. De las semifinales y la final ser\u00e1n difundidos todos los partidos. Por radio, podr\u00e1 ser escuchado por la frecuencia 1080 AM de RPQ .<\/p>\n<\/p>\n<p>La entrada general costar\u00e1 100 pesos por persona .<\/p>\n<\/p>\n<h6> 2013-05-03 13:53:51 <\/h6>\n<p><!--\n<link rel=\"stylesheet\" href=\"css\/bootstrap.min.css\">\n\n\n<ul class=\"pagination\">\n\t    \n\t\n\n<li >\n\t<a href='?page_no=20809'>Previous<\/a>\n\t<\/li>\n\n\n       \n    \n\n<li><a href='?page_no=1'>1<\/a><\/li>\n\n\n\n<li><a href='?page_no=2'>2<\/a><\/li>\n\n\n\n<li><a>...<\/a><\/li>\n\n\n\n<li><a href='?page_no=20808'>20808<\/a><\/li>\n\n\n\n<li><a href='?page_no=20809'>20809<\/a><\/li>\n\n\n\n<li class='active'><a>20810<\/a><\/li>\n\n\n\n<li><a href='?page_no=20811'>20811<\/a><\/li>\n\n\n\n<li><a href='?page_no=20812'>20812<\/a><\/li>\n\n\n\n<li><a>...<\/a><\/li>\n\n\n\n<li><a href='?page_no=36618'>36618<\/a><\/li>\n\n\n\n<li><a href='?page_no=36619'>36619<\/a><\/li>\n\n    \n\t\n\n<li >\n\t<a href='?page_no=20811'>Next<\/a>\n\t<\/li>\n\n\n    \n\n<li><a href='?page_no=36619'>Last &rsaquo;&rsaquo;<\/a><\/li>\n\n<\/ul>\n\n\n--><br \/>\n<\/body><\/p>\n","protected":false},"excerpt":{"rendered":"<p>Santo Domingo RD 3 mayo.- La edici\u00f3n n\u00famero 39 del torneo de baloncesto superior del Distrito Nacional, que se inicia esta noche en la cancha del club Mauricio B\u00e1ez, contar\u00e1 con la participaci\u00f3n de ocho equipos . La justa organizada por la Asociaci\u00f3n de Baloncesto del Distrito Nacional lleva una dedicatoria a los clubes San [&hellip;]<\/p>\n","protected":false},"author":3,"featured_media":0,"comment_status":"open","ping_status":"open","sticky":false,"template":"","format":"standard","meta":{"footnotes":""},"categories":[17],"tags":[],"class_list":["post-213700","post","type-post","status-publish","format-standard","hentry","category-deportes"],"_links":{"self":[{"href":"https:\/\/diariodominicano.com\/index.php?rest_route=\/wp\/v2\/posts\/213700","targetHints":{"allow":["GET"]}}],"collection":[{"href":"https:\/\/diariodominicano.com\/index.php?rest_route=\/wp\/v2\/posts"}],"about":[{"href":"https:\/\/diariodominicano.com\/index.php?rest_route=\/wp\/v2\/types\/post"}],"author":[{"embeddable":true,"href":"https:\/\/diariodominicano.com\/index.php?rest_route=\/wp\/v2\/users\/3"}],"replies":[{"embeddable":true,"href":"https:\/\/diariodominicano.com\/index.php?rest_route=%2Fwp%2Fv2%2Fcomments&post=213700"}],"version-history":[{"count":0,"href":"https:\/\/diariodominicano.com\/index.php?rest_route=\/wp\/v2\/posts\/213700\/revisions"}],"wp:attachment":[{"href":"https:\/\/diariodominicano.com\/index.php?rest_route=%2Fwp%2Fv2%2Fmedia&parent=213700"}],"wp:term":[{"taxonomy":"category","embeddable":true,"href":"https:\/\/diariodominicano.com\/index.php?rest_route=%2Fwp%2Fv2%2Fcategories&post=213700"},{"taxonomy":"post_tag","embeddable":true,"href":"https:\/\/diariodominicano.com\/index.php?rest_route=%2Fwp%2Fv2%2Ftags&post=213700"}],"curies":[{"name":"wp","href":"https:\/\/api.w.org\/{rel}","templated":true}]}}