{"id":213693,"date":"2013-05-03T14:29:47","date_gmt":"2013-05-03T14:29:47","guid":{"rendered":"http:\/\/diariodominicano.ddns.net\/?p=213693"},"modified":"2013-05-03T14:29:47","modified_gmt":"2013-05-03T14:29:47","slug":"ministro-de-juventud-remozara-gimnasio-para-la-campeona-mundial-dahiana-santana","status":"publish","type":"post","link":"https:\/\/diariodominicano.com\/?p=213693","title":{"rendered":"Ministro de Juventud remozar\u00e1 gimnasio para la campeona mundial Dahiana Santana&#13;"},"content":{"rendered":"<p><body><\/p>\n<p>PROMESA<\/p>\n<\/p>\n<p>Minaya remozar\u00e1 gimnasio para la campeona mundial<\/p>\n<\/p>\n<\/p>\n<p>Bienvenida. Jorge Minaya recibe de manera simb\u00f3lica la faja mundial de manos de Dahiana Santana.<\/p>\n<\/p>\n<\/p>\n<\/p>\n<p>Santo Domingo<\/p>\n<\/p>\n<p>El ministro de la Juventud, Jorge Minaya, prometi\u00f3 el remozamiento del gimnasio Rudy Pe\u00f1a, donde practica la campeona mundial de boxeo Dahiana Santana y para que otros j\u00f3venes  tengan un mejor espacio para seguir desarroll\u00e1ndose.<\/p>\n<\/p>\n<\/p>\n<p>As\u00ed lo revel\u00f3 Minaya tras recibir la visita de la p\u00fagil en su despacho, donde Santana le mostr\u00f3 el t\u00edtulo pluma de la Federaci\u00f3n Internacional de Boxeo (FIB), que retuvo la semana pasada al derrotar por puntos en fallo un\u00e1nime a la argentina Claudia L\u00f3pez, en una pelea celebrada en Buenos Aires.<\/p>\n<\/p>\n<\/p>\n<p>La defensa que hizo la campeona de boxeo en esa ciudad fue la tercera, desde que conquist\u00f3 el cintur\u00f3n de la FIB el 20 de noviembre del 2011 en una pelea de revancha con la estadounidense Stacey Reile, derrot\u00e1ndola por decisi\u00f3n un\u00e1nime.Santana dijo que ten\u00eda el compromiso de hacer su primera visita al llegar al pa\u00eds al ministro de la Juventud y agradecerle por el respaldo brindado en su \u00faltima pelea.<\/p>\n<\/p>\n<\/p>\n<p>Asimismo, exhort\u00f3 a la juventud a nunca rendirse y  luchar por lo que quiere en la vida, sin importar su condici\u00f3n econ\u00f3mica.<\/p>\n<\/p>\n<\/p>\n<p>De su lado, el titular de esa cartera felicit\u00f3 a la joven boxeadora por su nuevo triunfo al tiempo que hizo un llamado a la juventud a esforzarse para concretizar sus sue\u00f1os como lo ha hecho Santana. Expres\u00f3 que esa instituci\u00f3n est\u00e1 en la disposici\u00f3n de apoyar a los j\u00f3venes del pa\u00eds con deseos de superaci\u00f3n.<\/p>\n<\/p>\n<\/p>\n<p>El pasado mes de abril antes de ir a pelear a esa naci\u00f3n, Minaya le entreg\u00f3  a la prometedora atleta un reconocimiento por su trayectoria, adem\u00e1s de una ayuda econ\u00f3mica para esa competencia.<\/p>\n<h6> 2013-05-03 14:29:47 <\/h6>\n<p><!--\n<link rel=\"stylesheet\" href=\"css\/bootstrap.min.css\">\n\n\n<ul class=\"pagination\">\n\t    \n\t\n\n<li >\n\t<a href='?page_no=20802'>Previous<\/a>\n\t<\/li>\n\n\n       \n    \n\n<li><a href='?page_no=1'>1<\/a><\/li>\n\n\n\n<li><a href='?page_no=2'>2<\/a><\/li>\n\n\n\n<li><a>...<\/a><\/li>\n\n\n\n<li><a href='?page_no=20801'>20801<\/a><\/li>\n\n\n\n<li><a href='?page_no=20802'>20802<\/a><\/li>\n\n\n\n<li class='active'><a>20803<\/a><\/li>\n\n\n\n<li><a href='?page_no=20804'>20804<\/a><\/li>\n\n\n\n<li><a href='?page_no=20805'>20805<\/a><\/li>\n\n\n\n<li><a>...<\/a><\/li>\n\n\n\n<li><a href='?page_no=36618'>36618<\/a><\/li>\n\n\n\n<li><a href='?page_no=36619'>36619<\/a><\/li>\n\n    \n\t\n\n<li >\n\t<a href='?page_no=20804'>Next<\/a>\n\t<\/li>\n\n\n    \n\n<li><a href='?page_no=36619'>Last &rsaquo;&rsaquo;<\/a><\/li>\n\n<\/ul>\n\n\n--><br \/>\n<\/body><\/p>\n","protected":false},"excerpt":{"rendered":"<p>PROMESA Minaya remozar\u00e1 gimnasio para la campeona mundial Bienvenida. Jorge Minaya recibe de manera simb\u00f3lica la faja mundial de manos de Dahiana Santana. Santo Domingo El ministro de la Juventud, Jorge Minaya, prometi\u00f3 el remozamiento del gimnasio Rudy Pe\u00f1a, donde practica la campeona mundial de boxeo Dahiana Santana y para que otros j\u00f3venes tengan un [&hellip;]<\/p>\n","protected":false},"author":3,"featured_media":0,"comment_status":"open","ping_status":"open","sticky":false,"template":"","format":"standard","meta":{"footnotes":""},"categories":[17],"tags":[],"class_list":["post-213693","post","type-post","status-publish","format-standard","hentry","category-deportes"],"_links":{"self":[{"href":"https:\/\/diariodominicano.com\/index.php?rest_route=\/wp\/v2\/posts\/213693","targetHints":{"allow":["GET"]}}],"collection":[{"href":"https:\/\/diariodominicano.com\/index.php?rest_route=\/wp\/v2\/posts"}],"about":[{"href":"https:\/\/diariodominicano.com\/index.php?rest_route=\/wp\/v2\/types\/post"}],"author":[{"embeddable":true,"href":"https:\/\/diariodominicano.com\/index.php?rest_route=\/wp\/v2\/users\/3"}],"replies":[{"embeddable":true,"href":"https:\/\/diariodominicano.com\/index.php?rest_route=%2Fwp%2Fv2%2Fcomments&post=213693"}],"version-history":[{"count":0,"href":"https:\/\/diariodominicano.com\/index.php?rest_route=\/wp\/v2\/posts\/213693\/revisions"}],"wp:attachment":[{"href":"https:\/\/diariodominicano.com\/index.php?rest_route=%2Fwp%2Fv2%2Fmedia&parent=213693"}],"wp:term":[{"taxonomy":"category","embeddable":true,"href":"https:\/\/diariodominicano.com\/index.php?rest_route=%2Fwp%2Fv2%2Fcategories&post=213693"},{"taxonomy":"post_tag","embeddable":true,"href":"https:\/\/diariodominicano.com\/index.php?rest_route=%2Fwp%2Fv2%2Ftags&post=213693"}],"curies":[{"name":"wp","href":"https:\/\/api.w.org\/{rel}","templated":true}]}}