{"id":213684,"date":"2013-05-04T17:31:01","date_gmt":"2013-05-04T17:31:01","guid":{"rendered":"http:\/\/diariodominicano.ddns.net\/?p=213684"},"modified":"2013-05-04T17:31:01","modified_gmt":"2013-05-04T17:31:01","slug":"confederacion-pentatlon-supervisa-obras-para-panam","status":"publish","type":"post","link":"https:\/\/diariodominicano.com\/?p=213684","title":{"rendered":"Confederaci\u00f3n Pentatl\u00f3n supervisa obras para Panam"},"content":{"rendered":"<p><body><\/p>\n<p><img decoding=\"async\" src=\"img3\/petratlon.JPG\" \/>  <\/p>\n<p><span class=\"text1noticias\">Santo Domingo, RD, 4 de Mayo.-El presidente de la Confederaci\u00f3n Norte, Centroamericana y del Caribe de Pentatl\u00f3n Moderno (Norceca), el mexicano Juan Manzo se\u00f1al\u00f3 que las instalaciones superan todas las expectativas para la celebraci\u00f3n del campeonato Panamericano de ese deporte que se celebrar\u00e1 en el pa\u00eds del 11 al 14 de julio pr\u00f3ximo.<\/span><\/p>\n<\/p>\n<p><span class=\"text1noticias\">Manzo, quien tambi\u00e9n es secretario general de la Confederaci\u00f3n Panamericana de Pentatl\u00f3n Moderno, lleg\u00f3 el viernes al pa\u00eds a hacer un levantamiento de las edificaciones donde se llevar\u00e1n a cabo las competencias del campeonato, que reunir\u00e1 a atletas de 19 pa\u00edses.<\/span><\/p>\n<\/p>\n<p><span class=\"text1noticias\">\u00abLas instalaciones superan todas las expectativas y ya hay un gran porcentaje de que este campeonato tendr\u00e1 un gran atractivo, sobre todo exitoso\u00bb, indic\u00f3 Manzo durante su visita el s\u00e1bado a los directivos del Comit\u00e9 Ol\u00edmpico Dominicano (COD).<\/span><\/p>\n<\/p>\n<p><span class=\"text1noticias\">El directivo de la Norceca de Pentatl\u00f3n Moderno resalt\u00f3 las condiciones del nuevo Pabell\u00f3n de Esgrima, as\u00ed como el Complejo Acu\u00e1tico, ambas edificaciones ubicadas en el Centro Ol\u00edmpico, y el Centro Ecuestre Palmarejo.<\/span><\/p>\n<\/p>\n<p><span class=\"text1noticias\">\u00abHemos venido a hacer un trabajo de supervisi\u00f3n de las instalaciones y hemos hecho un reporte satisfactorio por las excelentes condiciones de las obras donde se har\u00e1n las competencias\u00bb, se\u00f1al\u00f3 Manzo, quien revel\u00f3 que el campeonato repartir\u00e1 siete plazas para los Juegos Centroamericanos y del Caribe de Veracruz 2014.<\/span><\/p>\n<\/p>\n<p><span class=\"text1noticias\">En el encuentro, Luis Mej\u00eda y Antonio Acosta, presidente y secretario general del COD, respectivamente, se comprometieron a trabajar y dar todo el apoyo que sea necesario para garantizar que el desarrollo del certamen sea un \u00e9xito.<\/span><\/p>\n<\/p>\n<p><span class=\"text1noticias\">\u00abEsperamos que este evento marque el inicio del desarrollo del pentatl\u00f3n moderno en el pa\u00eds. Estamos buscando incentivar los deportes que han estado en v\u00edas de alcanzar un mayor nivel para que se coloquen en el medallero\u00bb, indic\u00f3 Luis Mej\u00eda, presidente del COD.<\/span><\/p>\n<\/p>\n<p><span class=\"text1noticias\">Mientras, el presidente de la Federaci\u00f3n Dominicana de Pentatl\u00f3n Moderno, Freddy N\u00fa\u00f1ez Jorge, se\u00f1al\u00f3 que el campeonato cuenta con el apoyo, adem\u00e1s del COD, del Ministerio de Deportes, cuyo ministro, el doctor Jaime David Fern\u00e1ndez Mirabal, le garantiz\u00f3 el respaldo.(HG)<\/span>.<\/p>\n<\/p>\n<h6> 2013-05-04 17:31:01 <\/h6>\n<p><!--\n<link rel=\"stylesheet\" href=\"css\/bootstrap.min.css\">\n\n\n<ul class=\"pagination\">\n\t    \n\t\n\n<li >\n\t<a href='?page_no=20793'>Previous<\/a>\n\t<\/li>\n\n\n       \n    \n\n<li><a href='?page_no=1'>1<\/a><\/li>\n\n\n\n<li><a href='?page_no=2'>2<\/a><\/li>\n\n\n\n<li><a>...<\/a><\/li>\n\n\n\n<li><a href='?page_no=20792'>20792<\/a><\/li>\n\n\n\n<li><a href='?page_no=20793'>20793<\/a><\/li>\n\n\n\n<li class='active'><a>20794<\/a><\/li>\n\n\n\n<li><a href='?page_no=20795'>20795<\/a><\/li>\n\n\n\n<li><a href='?page_no=20796'>20796<\/a><\/li>\n\n\n\n<li><a>...<\/a><\/li>\n\n\n\n<li><a href='?page_no=36618'>36618<\/a><\/li>\n\n\n\n<li><a href='?page_no=36619'>36619<\/a><\/li>\n\n    \n\t\n\n<li >\n\t<a href='?page_no=20795'>Next<\/a>\n\t<\/li>\n\n\n    \n\n<li><a href='?page_no=36619'>Last &rsaquo;&rsaquo;<\/a><\/li>\n\n<\/ul>\n\n\n--><br \/>\n<\/body><\/p>\n","protected":false},"excerpt":{"rendered":"<p>Santo Domingo, RD, 4 de Mayo.-El presidente de la Confederaci\u00f3n Norte, Centroamericana y del Caribe de Pentatl\u00f3n Moderno (Norceca), el mexicano Juan Manzo se\u00f1al\u00f3 que las instalaciones superan todas las expectativas para la celebraci\u00f3n del campeonato Panamericano de ese deporte que se celebrar\u00e1 en el pa\u00eds del 11 al 14 de julio pr\u00f3ximo. Manzo, quien [&hellip;]<\/p>\n","protected":false},"author":3,"featured_media":0,"comment_status":"open","ping_status":"open","sticky":false,"template":"","format":"standard","meta":{"footnotes":""},"categories":[17],"tags":[],"class_list":["post-213684","post","type-post","status-publish","format-standard","hentry","category-deportes"],"_links":{"self":[{"href":"https:\/\/diariodominicano.com\/index.php?rest_route=\/wp\/v2\/posts\/213684","targetHints":{"allow":["GET"]}}],"collection":[{"href":"https:\/\/diariodominicano.com\/index.php?rest_route=\/wp\/v2\/posts"}],"about":[{"href":"https:\/\/diariodominicano.com\/index.php?rest_route=\/wp\/v2\/types\/post"}],"author":[{"embeddable":true,"href":"https:\/\/diariodominicano.com\/index.php?rest_route=\/wp\/v2\/users\/3"}],"replies":[{"embeddable":true,"href":"https:\/\/diariodominicano.com\/index.php?rest_route=%2Fwp%2Fv2%2Fcomments&post=213684"}],"version-history":[{"count":0,"href":"https:\/\/diariodominicano.com\/index.php?rest_route=\/wp\/v2\/posts\/213684\/revisions"}],"wp:attachment":[{"href":"https:\/\/diariodominicano.com\/index.php?rest_route=%2Fwp%2Fv2%2Fmedia&parent=213684"}],"wp:term":[{"taxonomy":"category","embeddable":true,"href":"https:\/\/diariodominicano.com\/index.php?rest_route=%2Fwp%2Fv2%2Fcategories&post=213684"},{"taxonomy":"post_tag","embeddable":true,"href":"https:\/\/diariodominicano.com\/index.php?rest_route=%2Fwp%2Fv2%2Ftags&post=213684"}],"curies":[{"name":"wp","href":"https:\/\/api.w.org\/{rel}","templated":true}]}}