{"id":213679,"date":"2013-05-04T20:18:14","date_gmt":"2013-05-04T20:18:14","guid":{"rendered":"http:\/\/diariodominicano.ddns.net\/?p=213679"},"modified":"2013-05-04T20:18:14","modified_gmt":"2013-05-04T20:18:14","slug":"explican-puntos-estrategicos-curso-gestion-deportiva","status":"publish","type":"post","link":"https:\/\/diariodominicano.com\/?p=213679","title":{"rendered":"Explican puntos estrat\u00e9gicos curso gesti\u00f3n deportiva"},"content":{"rendered":"<p><body><\/p>\n<p><img decoding=\"async\" src=\"img3\/arbitros.JPG\" \/>  <\/p>\n<p><span class=\"text1noticias\">Santo Domingo, RD, 4 de Abril.-Con el tema \u00abplanificaci\u00f3n estrat\u00e9gica en el deporte\u00bb, se llev\u00f3 a cabo este s\u00e1bado el tercer m\u00f3dulo del curso avanzado en gesti\u00f3n deportiva ol\u00edmpica en el sal\u00f3n Juan Ulises Garc\u00eda Saleta del Comit\u00e9 Ol\u00edmpico Dominicano.<\/span><\/p>\n<\/p>\n<p><span class=\"text1noticias\">El curso, que est\u00e1 coordinado por la ingeniera B\u00e1rbara Hern\u00e1ndez, se lleva a cabo con el apoyo del programa Solidaridad Ol\u00edmpica del Comit\u00e9 Ol\u00edmpico Dominicano (COD) y el aval de la Universidad Aut\u00f3noma de Santo Domingo (UASD).<\/span><\/p>\n<\/p>\n<p><span class=\"text1noticias\">La ponencia \u00abplanificaci\u00f3n estrat\u00e9gica en el deporte\u00bb estuvo a cargo de Pedro Julio Quezada, quien se\u00f1al\u00f3 que el curso tiene como objetivo dotar a los participantes de los conocimientos y la informaci\u00f3n necesaria para manejar la herramienta de la planificaci\u00f3n como aliado de una gesti\u00f3n deportiva eficiente en las entidades deportivas del pa\u00eds<\/span><\/p>\n<\/p>\n<p><span class=\"text1noticias\">\u00abEste curso plantea hacer un an\u00e1lisis detallado del entorno en el que se desenvuelven las organizaciones deportivas, evaluando tanto sus potencialidades internas como las oportunidades que da el entorno en que estas se desenvuelven\u00bb, indic\u00f3 Quezada, quien tambi\u00e9n es presidente de la Federaci\u00f3n Dominicana de Arte y Cultura.<\/span><\/p>\n<\/p>\n<p><span class=\"text1noticias\">El federado se\u00f1al\u00f3 que cada s\u00e1bado se aborda un m\u00f3dulo diferente y  que la idea es romper el mito de que la planificaci\u00f3n estrat\u00e9gica es solo para expertos, sino que con estas capacitaciones, el COD pretende demostrar que las entidades deportivas del pa\u00eds, si se le dan los conocimientos adecuados, pueden elaborar y desarrollar sus propios planes estrat\u00e9gicos.<\/span><\/p>\n<\/p>\n<p><span class=\"text1noticias\">Adem\u00e1s de Quezada, el curso tendr\u00e1 como facilitadores en otras entregas a Luis Elpidio Cumba, Lucila Vargas, Lourdes G\u00f3mez y Jos\u00e9 Duval.<\/span><\/p>\n<p><span class=\"text1noticias\">El curso avanzado en gesti\u00f3n deportiva ol\u00edmpica se celebrar\u00e1 solamente los d\u00edas s\u00e1bados hasta acumular un total de 90 horas, en cuales se abordar\u00e1n diversos temas relativos a la dirigencia deportiva.(HG)<\/span>.<\/p>\n<h6> 2013-05-04 20:18:14 <\/h6>\n<p><!--\n<link rel=\"stylesheet\" href=\"css\/bootstrap.min.css\">\n\n\n<ul class=\"pagination\">\n\t    \n\t\n\n<li >\n\t<a href='?page_no=20788'>Previous<\/a>\n\t<\/li>\n\n\n       \n    \n\n<li><a href='?page_no=1'>1<\/a><\/li>\n\n\n\n<li><a href='?page_no=2'>2<\/a><\/li>\n\n\n\n<li><a>...<\/a><\/li>\n\n\n\n<li><a href='?page_no=20787'>20787<\/a><\/li>\n\n\n\n<li><a href='?page_no=20788'>20788<\/a><\/li>\n\n\n\n<li class='active'><a>20789<\/a><\/li>\n\n\n\n<li><a href='?page_no=20790'>20790<\/a><\/li>\n\n\n\n<li><a href='?page_no=20791'>20791<\/a><\/li>\n\n\n\n<li><a>...<\/a><\/li>\n\n\n\n<li><a href='?page_no=36618'>36618<\/a><\/li>\n\n\n\n<li><a href='?page_no=36619'>36619<\/a><\/li>\n\n    \n\t\n\n<li >\n\t<a href='?page_no=20790'>Next<\/a>\n\t<\/li>\n\n\n    \n\n<li><a href='?page_no=36619'>Last &rsaquo;&rsaquo;<\/a><\/li>\n\n<\/ul>\n\n\n--><br \/>\n<\/body><\/p>\n","protected":false},"excerpt":{"rendered":"<p>Santo Domingo, RD, 4 de Abril.-Con el tema \u00abplanificaci\u00f3n estrat\u00e9gica en el deporte\u00bb, se llev\u00f3 a cabo este s\u00e1bado el tercer m\u00f3dulo del curso avanzado en gesti\u00f3n deportiva ol\u00edmpica en el sal\u00f3n Juan Ulises Garc\u00eda Saleta del Comit\u00e9 Ol\u00edmpico Dominicano. El curso, que est\u00e1 coordinado por la ingeniera B\u00e1rbara Hern\u00e1ndez, se lleva a cabo con [&hellip;]<\/p>\n","protected":false},"author":3,"featured_media":0,"comment_status":"open","ping_status":"open","sticky":false,"template":"","format":"standard","meta":{"footnotes":""},"categories":[17],"tags":[],"class_list":["post-213679","post","type-post","status-publish","format-standard","hentry","category-deportes"],"_links":{"self":[{"href":"https:\/\/diariodominicano.com\/index.php?rest_route=\/wp\/v2\/posts\/213679","targetHints":{"allow":["GET"]}}],"collection":[{"href":"https:\/\/diariodominicano.com\/index.php?rest_route=\/wp\/v2\/posts"}],"about":[{"href":"https:\/\/diariodominicano.com\/index.php?rest_route=\/wp\/v2\/types\/post"}],"author":[{"embeddable":true,"href":"https:\/\/diariodominicano.com\/index.php?rest_route=\/wp\/v2\/users\/3"}],"replies":[{"embeddable":true,"href":"https:\/\/diariodominicano.com\/index.php?rest_route=%2Fwp%2Fv2%2Fcomments&post=213679"}],"version-history":[{"count":0,"href":"https:\/\/diariodominicano.com\/index.php?rest_route=\/wp\/v2\/posts\/213679\/revisions"}],"wp:attachment":[{"href":"https:\/\/diariodominicano.com\/index.php?rest_route=%2Fwp%2Fv2%2Fmedia&parent=213679"}],"wp:term":[{"taxonomy":"category","embeddable":true,"href":"https:\/\/diariodominicano.com\/index.php?rest_route=%2Fwp%2Fv2%2Fcategories&post=213679"},{"taxonomy":"post_tag","embeddable":true,"href":"https:\/\/diariodominicano.com\/index.php?rest_route=%2Fwp%2Fv2%2Ftags&post=213679"}],"curies":[{"name":"wp","href":"https:\/\/api.w.org\/{rel}","templated":true}]}}