{"id":213673,"date":"2013-05-05T14:51:06","date_gmt":"2013-05-05T14:51:06","guid":{"rendered":"http:\/\/diariodominicano.ddns.net\/?p=213673"},"modified":"2013-05-05T14:51:06","modified_gmt":"2013-05-05T14:51:06","slug":"casifican-primero-en-la-2da-fecha-del-campeonato-nacional-de-automovilismo","status":"publish","type":"post","link":"https:\/\/diariodominicano.com\/?p=213673","title":{"rendered":"Casifican primero en la 2da. fecha del Campeonato Nacional de Automovilismo"},"content":{"rendered":"<p><body><\/p>\n<p><img decoding=\"async\" src=\"http:\/\/localhost:8080\/img3\/Cesar.JPG\" \/>  <\/p>\n<p><span class=\"text1noticias\">Santo Domingo, RD, 5 de Mayo.-El equipo de M\u00e1ximoSarraf compuesto por Jeff Altenburgse alinear\u00e1 de primero en la grilla de salida de la m\u00e1xima categor\u00eda, la DTS, en la 2da. Fecha del Campeonato Nacional de Automovilismo.<\/span><\/p>\n<\/p>\n<p><span class=\"text1noticias\">Altenburg realiz\u00f3 el mejor tiempo en las clasificaciones realizadas el s\u00e1bado tras parar el reloj en 1:24.55, seguido muy de cerca por Jos\u00e9 Ricardo Leroux quien marc\u00f3 tiempo de 1:24.66, mientras que en la tercera posici\u00f3n saldr\u00e1 el equipo compuesto por los actuales campeones Victor Gonz\u00e1lez y Alfredo Najricon tiempo de 1:24.68.<\/span><\/p>\n<\/p>\n<p><span class=\"text1noticias\">Mientras que en la categor\u00eda RSdijo presente, al dominar las clasificaciones, el piloto C\u00e9sar Santana con tiempo de 1:27.29 sorprendiendo a sus adversarios Alain Giraldi y Victor Cabrera quienes marcarontiempo de 1:27.40, y la tercera posici\u00f3n en la grilla de salida la ocupar\u00e1 Robert Bret\u00f3n quien par\u00f3 el tiempo en 1:27.68.<\/span><\/p>\n<\/p>\n<p><span class=\"text1noticias\">La categor\u00eda STiniciar\u00e1 liderada por Christian Bonnet logrando tiempo de 1:30.36,en la segunda posici\u00f3n estar\u00e1Jonathan Basdenque obtuvo un tiempo de 1:30.56,saliendo en la tercera posici\u00f3n la dupla de Jos\u00e9 Medina y Chavo Medina, tras lograr tiempo de 1:30.57.<\/span><\/p>\n<\/p>\n<p><span class=\"text1noticias\">En la TN Sebasti\u00e1n Paniagua y Carlos Pe\u00f1adominan la pole al conseguir tiempo de 1:32.49, seguido por Marcos Cabral, quien par\u00f3 el reloj con tiempo de 1:33.22, y en la tercera posici\u00f3n saldr\u00e1Juan Alonso con tiempo de 1:33.26.<\/span><\/p>\n<\/p>\n<p><span class=\"text1noticias\">Las clasificaciones fueron realizadas este s\u00e1bado con mira a lo que ser\u00e1 la celebraci\u00f3n de este gran evento, a efectuarse ma\u00f1ana domingo. Como parte de las novedades de esta 2da. fecha del Campeonato Nacional de Automovilismo se espera la participaci\u00f3n de m\u00e1s de 80 pilotos en las 4 categor\u00edas, el retorno del m\u00faltiple campe\u00f3n de la DTS Jos\u00e9 Ricardo Leroux, el debut del piloto Lucho Campusano en la m\u00e1xima categor\u00eda, as\u00ed como tambi\u00e9n el comunicador Sergio Carlo quien se estrena en el mundo de la velocidad con el TeamMarcorix en la categor\u00eda TN.(HG)<\/span>. <\/p>\n<\/p>\n<h6> 2013-05-05 14:51:06 <\/h6>\n<p><!--\n<link rel=\"stylesheet\" href=\"css\/bootstrap.min.css\">\n\n\n<ul class=\"pagination\">\n\t    \n\t\n\n<li >\n\t<a href='?page_no=20782'>Previous<\/a>\n\t<\/li>\n\n\n       \n    \n\n<li><a href='?page_no=1'>1<\/a><\/li>\n\n\n\n<li><a href='?page_no=2'>2<\/a><\/li>\n\n\n\n<li><a>...<\/a><\/li>\n\n\n\n<li><a href='?page_no=20781'>20781<\/a><\/li>\n\n\n\n<li><a href='?page_no=20782'>20782<\/a><\/li>\n\n\n\n<li class='active'><a>20783<\/a><\/li>\n\n\n\n<li><a href='?page_no=20784'>20784<\/a><\/li>\n\n\n\n<li><a href='?page_no=20785'>20785<\/a><\/li>\n\n\n\n<li><a>...<\/a><\/li>\n\n\n\n<li><a href='?page_no=36618'>36618<\/a><\/li>\n\n\n\n<li><a href='?page_no=36619'>36619<\/a><\/li>\n\n    \n\t\n\n<li >\n\t<a href='?page_no=20784'>Next<\/a>\n\t<\/li>\n\n\n    \n\n<li><a href='?page_no=36619'>Last &rsaquo;&rsaquo;<\/a><\/li>\n\n<\/ul>\n\n\n--><br \/>\n<\/body><\/p>\n","protected":false},"excerpt":{"rendered":"<p>Santo Domingo, RD, 5 de Mayo.-El equipo de M\u00e1ximoSarraf compuesto por Jeff Altenburgse alinear\u00e1 de primero en la grilla de salida de la m\u00e1xima categor\u00eda, la DTS, en la 2da. Fecha del Campeonato Nacional de Automovilismo. Altenburg realiz\u00f3 el mejor tiempo en las clasificaciones realizadas el s\u00e1bado tras parar el reloj en 1:24.55, seguido muy [&hellip;]<\/p>\n","protected":false},"author":3,"featured_media":0,"comment_status":"open","ping_status":"open","sticky":false,"template":"","format":"standard","meta":{"footnotes":""},"categories":[17],"tags":[],"class_list":["post-213673","post","type-post","status-publish","format-standard","hentry","category-deportes"],"_links":{"self":[{"href":"https:\/\/diariodominicano.com\/index.php?rest_route=\/wp\/v2\/posts\/213673","targetHints":{"allow":["GET"]}}],"collection":[{"href":"https:\/\/diariodominicano.com\/index.php?rest_route=\/wp\/v2\/posts"}],"about":[{"href":"https:\/\/diariodominicano.com\/index.php?rest_route=\/wp\/v2\/types\/post"}],"author":[{"embeddable":true,"href":"https:\/\/diariodominicano.com\/index.php?rest_route=\/wp\/v2\/users\/3"}],"replies":[{"embeddable":true,"href":"https:\/\/diariodominicano.com\/index.php?rest_route=%2Fwp%2Fv2%2Fcomments&post=213673"}],"version-history":[{"count":0,"href":"https:\/\/diariodominicano.com\/index.php?rest_route=\/wp\/v2\/posts\/213673\/revisions"}],"wp:attachment":[{"href":"https:\/\/diariodominicano.com\/index.php?rest_route=%2Fwp%2Fv2%2Fmedia&parent=213673"}],"wp:term":[{"taxonomy":"category","embeddable":true,"href":"https:\/\/diariodominicano.com\/index.php?rest_route=%2Fwp%2Fv2%2Fcategories&post=213673"},{"taxonomy":"post_tag","embeddable":true,"href":"https:\/\/diariodominicano.com\/index.php?rest_route=%2Fwp%2Fv2%2Ftags&post=213673"}],"curies":[{"name":"wp","href":"https:\/\/api.w.org\/{rel}","templated":true}]}}