{"id":213670,"date":"2013-05-06T15:18:07","date_gmt":"2013-05-06T15:18:07","guid":{"rendered":"http:\/\/diariodominicano.ddns.net\/?p=213670"},"modified":"2013-05-06T15:18:07","modified_gmt":"2013-05-06T15:18:07","slug":"luguelin-santos-conquista-prueba-400-metros-en-jamaica","status":"publish","type":"post","link":"https:\/\/diariodominicano.com\/?p=213670","title":{"rendered":"Luguel\u00edn Santos conquista prueba 400 metros en Jamaica&#13;"},"content":{"rendered":"<p><body><\/p>\n<p>Santo Domingo RD 6 mayo.- Luguel\u00edn Santos, el gran  heredero  de F\u00e9lix S\u00e1nchez, continu\u00f3 el pasado s\u00e1bado d\u00e1ndole forma a su buen arranque de temporada. Luego de su primer gran compromiso del a\u00f1o el pasado 26 de abril en el Drake Relays, el velocista dominicano se qued\u00f3 de nuevo con el primer lugar.<\/p>\n<\/p>\n<p>Santos registr\u00f3 un tiempo de 45.06 segundos  en los 400 metros lisos para ganar el Jamaica International Invitational 2013 celebrado en el Estadio Nacional de Kingston, reuni\u00f3n avalada por la Asociaci\u00f3n Internacional de Federaciones de Atletismo (IAAF).<\/p>\n<\/p>\n<p>El ganador de la medalla de plata en los pasados Juegos Ol\u00edmpicos de Londres, tuvo un espectacular rebase casi llegando a la meta para superar al estadounidense  Altonio McQuay, quien ocup\u00f3 la segunda posici\u00f3n con 45.15 y el jamaiquino Javere Bell, obtuvo la tercera al cronometrar 45.57. El certamen que cont\u00f3 con la presencia de varios de los m\u00e1s importantes exponentes del atletismo mundial, fue transmitido por el site del Comit\u00e9 Ol\u00edmpico Dominicano (www.colimdo.com).<\/p>\n<h6> 2013-05-06 15:18:07 <\/h6>\n<p><!--\n<link rel=\"stylesheet\" href=\"css\/bootstrap.min.css\">\n\n\n<ul class=\"pagination\">\n\t    \n\t\n\n<li >\n\t<a href='?page_no=20779'>Previous<\/a>\n\t<\/li>\n\n\n       \n    \n\n<li><a href='?page_no=1'>1<\/a><\/li>\n\n\n\n<li><a href='?page_no=2'>2<\/a><\/li>\n\n\n\n<li><a>...<\/a><\/li>\n\n\n\n<li><a href='?page_no=20778'>20778<\/a><\/li>\n\n\n\n<li><a href='?page_no=20779'>20779<\/a><\/li>\n\n\n\n<li class='active'><a>20780<\/a><\/li>\n\n\n\n<li><a href='?page_no=20781'>20781<\/a><\/li>\n\n\n\n<li><a href='?page_no=20782'>20782<\/a><\/li>\n\n\n\n<li><a>...<\/a><\/li>\n\n\n\n<li><a href='?page_no=36618'>36618<\/a><\/li>\n\n\n\n<li><a href='?page_no=36619'>36619<\/a><\/li>\n\n    \n\t\n\n<li >\n\t<a href='?page_no=20781'>Next<\/a>\n\t<\/li>\n\n\n    \n\n<li><a href='?page_no=36619'>Last &rsaquo;&rsaquo;<\/a><\/li>\n\n<\/ul>\n\n\n--><br \/>\n<\/body><\/p>\n","protected":false},"excerpt":{"rendered":"<p>Santo Domingo RD 6 mayo.- Luguel\u00edn Santos, el gran heredero de F\u00e9lix S\u00e1nchez, continu\u00f3 el pasado s\u00e1bado d\u00e1ndole forma a su buen arranque de temporada. Luego de su primer gran compromiso del a\u00f1o el pasado 26 de abril en el Drake Relays, el velocista dominicano se qued\u00f3 de nuevo con el primer lugar. Santos registr\u00f3 [&hellip;]<\/p>\n","protected":false},"author":3,"featured_media":0,"comment_status":"open","ping_status":"open","sticky":false,"template":"","format":"standard","meta":{"footnotes":""},"categories":[17],"tags":[],"class_list":["post-213670","post","type-post","status-publish","format-standard","hentry","category-deportes"],"_links":{"self":[{"href":"https:\/\/diariodominicano.com\/index.php?rest_route=\/wp\/v2\/posts\/213670","targetHints":{"allow":["GET"]}}],"collection":[{"href":"https:\/\/diariodominicano.com\/index.php?rest_route=\/wp\/v2\/posts"}],"about":[{"href":"https:\/\/diariodominicano.com\/index.php?rest_route=\/wp\/v2\/types\/post"}],"author":[{"embeddable":true,"href":"https:\/\/diariodominicano.com\/index.php?rest_route=\/wp\/v2\/users\/3"}],"replies":[{"embeddable":true,"href":"https:\/\/diariodominicano.com\/index.php?rest_route=%2Fwp%2Fv2%2Fcomments&post=213670"}],"version-history":[{"count":0,"href":"https:\/\/diariodominicano.com\/index.php?rest_route=\/wp\/v2\/posts\/213670\/revisions"}],"wp:attachment":[{"href":"https:\/\/diariodominicano.com\/index.php?rest_route=%2Fwp%2Fv2%2Fmedia&parent=213670"}],"wp:term":[{"taxonomy":"category","embeddable":true,"href":"https:\/\/diariodominicano.com\/index.php?rest_route=%2Fwp%2Fv2%2Fcategories&post=213670"},{"taxonomy":"post_tag","embeddable":true,"href":"https:\/\/diariodominicano.com\/index.php?rest_route=%2Fwp%2Fv2%2Ftags&post=213670"}],"curies":[{"name":"wp","href":"https:\/\/api.w.org\/{rel}","templated":true}]}}