{"id":213657,"date":"2013-05-07T15:38:55","date_gmt":"2013-05-07T15:38:55","guid":{"rendered":"http:\/\/diariodominicano.ddns.net\/?p=213657"},"modified":"2013-05-07T15:38:55","modified_gmt":"2013-05-07T15:38:55","slug":"manny-pacquiao-enfrenta-a-brandon-rios","status":"publish","type":"post","link":"https:\/\/diariodominicano.com\/?p=213657","title":{"rendered":"Manny Pacquiao enfrenta a Brandon R\u00edos"},"content":{"rendered":"<p><body><\/p>\n<p><img decoding=\"async\" src=\"img3\/manny 7.jpg\" \/>  <\/p>\n<p>Manny Pacquiao enfrenta a Brandon R\u00edos<\/p>\n<\/p>\n<p>El combate est\u00e1 programado para el 24 de noviembre<\/p>\n<\/p>\n<\/p>\n<p>LOS ANGELES (AP) &#8211; Manny Pacquiao reaparecer\u00e1 en los tinglados el 24 de noviembre con un combate de peso welter contra el texano Brandon R\u00edos.<\/p>\n<\/p>\n<\/p>\n<p>El promotor del boxeador filipino Bob Arum inform\u00f3 el lunes a The Associated Press que Pacquiao (54-5-2 con 38 nocauts) se hab\u00eda concentrado exclusivamente en sus actividades como pol\u00edtico en Filipinas tras perder en diciembre pasado por la v\u00eda r\u00e1pida en el sexto round ante el mexicano Juan Manuel M\u00e1rquez.<\/p>\n<\/p>\n<\/p>\n<p>Pacquiao, campe\u00f3n mundial en ocho divisiones, ha perdido sus \u00faltimos dos combates tras una racha de 15 victorias, ya que previamente sucumbi\u00f3 ante Timothy Bradley en una pol\u00e9mica decisi\u00f3n dividida en junio del a\u00f1o pasado.<\/p>\n<\/p>\n<\/p>\n<p>\u00abQueremos llevarle a la gente una pelea muy buena, llena de acci\u00f3n emocionante\u00bb, dijo Arum. \u00ab(R\u00edos) es un peleador emocionante, as\u00ed que es un buen encuentro\u00bb.<\/p>\n<\/p>\n<\/p>\n<p>Aunque M\u00e1rquez lo dej\u00f3 boca abajo en la lona en su \u00faltimo combate, Pacquiao, de 34 a\u00f1os de edad, eligi\u00f3 a R\u00edos (31-1-1, con 23 nocauts) como pr\u00f3ximo rival debido al estilo fajador del ex campe\u00f3n ligero.<\/p>\n<\/p>\n<\/p>\n<p>El equipo de Pacquiao tambi\u00e9n ha afirmado que tanto M\u00e1rquez como Bradley rechazaron posibles revanchas con Pacquiao y que en cambio pelear\u00e1n entre s\u00ed el 14 de septiembre en Las Vegas.<\/p>\n<\/p>\n<\/p>\n<p>Pacquiao no ha peleado fuera de Estados Unidos desde julio de 2006. La pelea Pacquiao-R\u00edos se montar\u00e1 en el hotel Venetian de Macao, en un intento por atraer el creciente de mercado de pagos por evento por televisi\u00f3n en China.<\/p>\n<\/p>\n<\/p>\n<p>\u00abCreemos que se abre un enorme mercado en China, ya que nos permite hacer un &#8216;pay-per-view&#8217; de una manera que no hemos hecho antes\u00bb, dijo Arum.<\/p>\n<\/p>\n<\/p>\n<p>El promotor agreg\u00f3 que Pacquiao espera mejorar la popularidad del boxeo en Asia, mientras aprovecha al mismo tiempo de los significativos beneficios fiscales de pelear fuera de Estados Unidos. Su pelea se realizar\u00e1 el domingo por la ma\u00f1ana en Macao para que pueda verse en vivo por pago por evento el s\u00e1bado por la noche en Norteam\u00e9rica.<\/p>\n<\/p>\n<\/p>\n<p>Arum y el Venetian est\u00e1n planeando peleas regulares en el lugar despu\u00e9s de una exitosa cartelera protagonizada por el dos veces campe\u00f3n ol\u00edmpico chino Zou Shiming en abril. Se espera que Zou protagonice otro espect\u00e1culo en Macao en julio.<\/p>\n<\/p>\n<\/p>\n<p>R\u00edos &#8211; nacido en Texas, criado en Kansas y con entrenamiento en Oxnard, California- vio interrumpida su racha de invicto el 30 de marzo, cuando perdi\u00f3 por decisi\u00f3n un\u00e1nime en su revancha con Mike Alvarado, pero su popularidad aument\u00f3 gracias a un combate atractivo lleno de intercambios salvajes y golpes a la cabeza.<\/p>\n<\/p>\n<\/p>\n<p>R\u00edos tambi\u00e9n es promovido por la firma Top Rank, de Arum, lo que lo coloca en una posici\u00f3n privilegiada para lo que ser\u00e1 la pelea m\u00e1s importante de su carrera.<\/p>\n<\/p>\n<\/p>\n<h6> 2013-05-07 15:38:55 <\/h6>\n<p><!--\n<link rel=\"stylesheet\" href=\"css\/bootstrap.min.css\">\n\n\n<ul class=\"pagination\">\n\t    \n\t\n\n<li >\n\t<a href='?page_no=20766'>Previous<\/a>\n\t<\/li>\n\n\n       \n    \n\n<li><a href='?page_no=1'>1<\/a><\/li>\n\n\n\n<li><a href='?page_no=2'>2<\/a><\/li>\n\n\n\n<li><a>...<\/a><\/li>\n\n\n\n<li><a href='?page_no=20765'>20765<\/a><\/li>\n\n\n\n<li><a href='?page_no=20766'>20766<\/a><\/li>\n\n\n\n<li class='active'><a>20767<\/a><\/li>\n\n\n\n<li><a href='?page_no=20768'>20768<\/a><\/li>\n\n\n\n<li><a href='?page_no=20769'>20769<\/a><\/li>\n\n\n\n<li><a>...<\/a><\/li>\n\n\n\n<li><a href='?page_no=36618'>36618<\/a><\/li>\n\n\n\n<li><a href='?page_no=36619'>36619<\/a><\/li>\n\n    \n\t\n\n<li >\n\t<a href='?page_no=20768'>Next<\/a>\n\t<\/li>\n\n\n    \n\n<li><a href='?page_no=36619'>Last &rsaquo;&rsaquo;<\/a><\/li>\n\n<\/ul>\n\n\n--><br \/>\n<\/body><\/p>\n","protected":false},"excerpt":{"rendered":"<p>Manny Pacquiao enfrenta a Brandon R\u00edos El combate est\u00e1 programado para el 24 de noviembre LOS ANGELES (AP) &#8211; Manny Pacquiao reaparecer\u00e1 en los tinglados el 24 de noviembre con un combate de peso welter contra el texano Brandon R\u00edos. El promotor del boxeador filipino Bob Arum inform\u00f3 el lunes a The Associated Press que [&hellip;]<\/p>\n","protected":false},"author":3,"featured_media":0,"comment_status":"open","ping_status":"open","sticky":false,"template":"","format":"standard","meta":{"footnotes":""},"categories":[17],"tags":[],"class_list":["post-213657","post","type-post","status-publish","format-standard","hentry","category-deportes"],"_links":{"self":[{"href":"https:\/\/diariodominicano.com\/index.php?rest_route=\/wp\/v2\/posts\/213657","targetHints":{"allow":["GET"]}}],"collection":[{"href":"https:\/\/diariodominicano.com\/index.php?rest_route=\/wp\/v2\/posts"}],"about":[{"href":"https:\/\/diariodominicano.com\/index.php?rest_route=\/wp\/v2\/types\/post"}],"author":[{"embeddable":true,"href":"https:\/\/diariodominicano.com\/index.php?rest_route=\/wp\/v2\/users\/3"}],"replies":[{"embeddable":true,"href":"https:\/\/diariodominicano.com\/index.php?rest_route=%2Fwp%2Fv2%2Fcomments&post=213657"}],"version-history":[{"count":0,"href":"https:\/\/diariodominicano.com\/index.php?rest_route=\/wp\/v2\/posts\/213657\/revisions"}],"wp:attachment":[{"href":"https:\/\/diariodominicano.com\/index.php?rest_route=%2Fwp%2Fv2%2Fmedia&parent=213657"}],"wp:term":[{"taxonomy":"category","embeddable":true,"href":"https:\/\/diariodominicano.com\/index.php?rest_route=%2Fwp%2Fv2%2Fcategories&post=213657"},{"taxonomy":"post_tag","embeddable":true,"href":"https:\/\/diariodominicano.com\/index.php?rest_route=%2Fwp%2Fv2%2Ftags&post=213657"}],"curies":[{"name":"wp","href":"https:\/\/api.w.org\/{rel}","templated":true}]}}